{"id":26044,"date":"2021-10-01T02:24:55","date_gmt":"2021-10-01T02:24:55","guid":{"rendered":"http:\/\/apal.pt\/home\/?p=26044"},"modified":"2024-08-09T08:44:37","modified_gmt":"2024-08-09T08:44:37","slug":"qualisteelcoat-marcadequalidadeinternacionalparaoacolacado","status":"publish","type":"post","link":"https:\/\/apal.pt\/home\/qualisteelcoat-marcadequalidadeinternacionalparaoacolacado\/","title":{"rendered":"QUALISTEELCOAT &#8211; MARCA DE QUALIDADE INTERNACIONAL PARA O A\u00c7O LACADO"},"content":{"rendered":"\t\t<div data-elementor-type=\"wp-post\" data-elementor-id=\"26044\" class=\"elementor elementor-26044\" data-elementor-post-type=\"post\">\n\t\t\t\t\t\t<section class=\"elementor-section elementor-top-section elementor-element elementor-element-670c04d elementor-section-boxed elementor-section-height-default elementor-section-height-default\" data-id=\"670c04d\" data-element_type=\"section\" data-e-type=\"section\">\r\n\t\t\t\t\t\t<div class=\"elementor-container elementor-column-gap-thegem\"><div class=\"elementor-row\">\r\n\t\t\t\t\t<div class=\"elementor-column elementor-col-100 elementor-top-column elementor-element elementor-element-137ee74\" data-id=\"137ee74\" data-element_type=\"column\" data-e-type=\"column\">\n\t\t\t<div class=\"elementor-widget-wrap elementor-element-populated\">\n\t\t\t\t\t\t<div class=\"elementor-element elementor-element-22fbd1e flex-horizontal-align-default flex-horizontal-align-tablet-default flex-horizontal-align-mobile-default flex-vertical-align-default flex-vertical-align-tablet-default flex-vertical-align-mobile-default elementor-widget elementor-widget-text-editor\" data-id=\"22fbd1e\" data-element_type=\"widget\" data-e-type=\"widget\" data-widget_type=\"text-editor.default\">\n\t\t\t\t<div class=\"elementor-widget-container\">\n\t\t\t\t\t\t\t\t\t\t\t\t<div class=\"elementor-text-editor elementor-clearfix\">\r\n\t\t\t\t\t\t<p style=\"text-align: left;\">Artigo da autoria da Eng.\u00aa Alichandra Castro (Eurogalva &#8211; Galvaniza\u00e7\u00e3o e Metalomec\u00e2nica, S.A.), da&nbsp;Eng.\u00aa Margarida Casqueiro (APAL), e do&nbsp;Eng.\u00ba Rui Sampaio Abreu (Hydro Aluminium Extrusion Portugal HAEP, S.A.),&nbsp;publicado no n\u00famero 61 da <strong><a title=\"Descarregar artigo clicando aqui\" href=\"http:\/\/apal.pt\/images\/noticias\/QUALISTEELCOAT__Marca_de_Qualidade_Internacional_para_o_A%C3%A7o_Lacado\/Metalica_61_04_Qualisteelcoat_Marca_de_qualidade_Internacional_para_o_a%C3%A7o_lacado.pdf\" target=\"_blank\" rel=\"noopener\">Revista Met\u00e1lica da CMM de Mar\u00e7o de 2021<\/a><\/strong>, sobre a&nbsp;QUALISTEELCOAT como Marca de Qualidade Internacional para o A\u00e7o Lacado.<\/p>\n\t\t\t\t\t\t\t\t\t\t\t\t<img width=\"556\" height=\"200\" src=\"https:\/\/apal.pt\/home\/wp-content\/uploads\/2021\/11\/3.jpg\" alt=\"\" srcset=\"https:\/\/apal.pt\/home\/wp-content\/uploads\/2021\/11\/3.jpg 556w, https:\/\/apal.pt\/home\/wp-content\/uploads\/2021\/11\/3-300x108.jpg 300w\" sizes=\"(max-width: 556px) 100vw, 556px\">\n\nApresentamos abaixo transcri\u00e7\u00e3o do referido artigo (que pode ser descarregado clicando <strong><a href=\"http:\/\/apal.pt\/images\/noticias\/QUALISTEELCOAT__Marca_de_Qualidade_Internacional_para_o_A%C3%A7o_Lacado\/Metalica_61_04_Qualisteelcoat_Marca_de_qualidade_Internacional_para_o_a%C3%A7o_lacado.pdf\" target=\"_blank\" rel=\"noopener\">aqui<\/a><\/strong>):\n\n&#8220;A APAL &#8211; Associa\u00e7\u00e3o Portuguesa do Alum\u00ednio, fundada em 1982, re\u00fane atualmente as principais empresas da ind\u00fastria de extrus\u00e3o, anodiza\u00e7\u00e3o, lacagem e decora\u00e7\u00e3o de alum\u00ednio e ainda a ind\u00fastria de lacagem de a\u00e7o e ind\u00fastrias afins.\n\nAssumindo a defesa dos interesses dos seus associados a APAL \u00e9 membro efetivo da <a href=\"http:\/\/www.estal.org\/\">ESTAL <\/a>&#8211; European Surface Treatment on Aluminium, uma organiza\u00e7\u00e3o sem fins lucrativos constitu\u00edda por associa\u00e7\u00f5es nacionais e membros associados que no seu conjunto representam mais de 326 empresas europeias de anodiza\u00e7\u00e3o e lacagem. A sua atividade contribui para encontrar solu\u00e7\u00f5es de car\u00e1cter t\u00e9cnico, econ\u00f3mico e ambiental, associadas \u00e0 produ\u00e7\u00e3o e utiliza\u00e7\u00e3o das superf\u00edcies de alum\u00ednio tratadas, apoiando as associa\u00e7\u00f5es nacionais&nbsp;de empresas de tratamento de superf\u00edcie de alum\u00ednio&nbsp;na solu\u00e7\u00e3o dos seus problemas espec\u00edficos \u00e0 escala nacional. A ESTAL \u00e9 por sua vez membro da EA, European Aluminium.\n\nA APAL gere em Portugal as marcas de qualidade de tratamento de superf\u00edcie do alum\u00ednio QUALICOAT e QUALANOD. Com a experi\u00eancia adquirida com estas duas marcas a APAL juntou ao seu portf\u00f3lio a marca QUALISTEELCOAT em 2006.\n\nAs marcas de qualidade QUALICOAT e QUALANOD granjearam distribui\u00e7\u00e3o e notoriedade global gra\u00e7as \u00e0s suas Diretivas se basearem nas normas internacionais relevantes para os tratamentos de superf\u00edcie do alum\u00ednio por lacagem com tintas em p\u00f3 e por anodiza\u00e7\u00e3o e&nbsp;ainda por a qualidade dos processos e produtos ser inspecionada por entidades independentes e id\u00f3neas acreditadas pelas normas ISO.\n\nA QUALICOAT criou a men\u00e7\u00e3o SEASIDE que distingue a lacagem pass\u00edvel de suportar condi\u00e7\u00f5es de exposi\u00e7\u00e3o mar\u00edtima e industrial. J\u00e1 a QUALIDECO aplica-se aos tratamentos com fins decorativos, sendo os mais conhecidos os designados \u201cEfeito Madeira\u201d obtidos por t\u00e9cnicas de sublima\u00e7\u00e3o ou aplica\u00e7\u00e3o de p\u00f3 sobre p\u00f3 aplicados em superf\u00edcies de alum\u00ednio previamente lacado.\n\n<img width=\"324\" height=\"62\" src=\"https:\/\/apal.pt\/home\/wp-content\/uploads\/2021\/11\/4.jpg\" alt=\"\" srcset=\"https:\/\/apal.pt\/home\/wp-content\/uploads\/2021\/11\/4.jpg 324w, https:\/\/apal.pt\/home\/wp-content\/uploads\/2021\/11\/4-300x57.jpg 300w\" sizes=\"(max-width: 324px) 100vw, 324px\">\n\n<strong>Figura 1. <\/strong>Log\u00f3tipos das marcas de qualidade QUALICOAT com men\u00e7\u00e3o SEASIDE e com QUALIDECO.\n\nA QUALANOD criou as marcas abaixo que melhor se adaptam \u00e0 utiliza\u00e7\u00e3o a que se destinam os produtos anodizados.\n\n<img width=\"310\" height=\"82\" src=\"https:\/\/apal.pt\/home\/wp-content\/uploads\/2021\/11\/5.jpg\" alt=\"\" srcset=\"https:\/\/apal.pt\/home\/wp-content\/uploads\/2021\/11\/5.jpg 310w, https:\/\/apal.pt\/home\/wp-content\/uploads\/2021\/11\/5-300x79.jpg 300w\" sizes=\"(max-width: 310px) 100vw, 310px\">\n\n<strong>Figura 2. <\/strong>Log\u00f3tipos das marcas de qualidade QUALANOD para anodiza\u00e7\u00e3o arquitetural, anodiza\u00e7\u00e3o decorativa, anodiza\u00e7\u00e3o industrial e anodiza\u00e7\u00e3o dura.\n\nA QUALISTEELCOAT &#8211; Marca de Qualidade Internacional para o A\u00e7o Lacado, fundada em 2006, est\u00e1 atualmente presente em 18 pa\u00edses, totalizando 89 lacadores possuidores da marca e 102 sistemas de prote\u00e7\u00e3o anticorrosiva homologados. A APAL, enquanto s\u00f3cia fundadora desta marca, alterou os seus estatutos de modo a englobar no seu \u00e2mbito as instala\u00e7\u00f5es lacadoras de a\u00e7o. Em Portugal, temos at\u00e9 \u00e0 data, 3 lacadores com autoriza\u00e7\u00e3o para utiliza\u00e7\u00e3o desta Marca de Qualidade.\n\nO log\u00f3tipo da QUALISTEELCOAT, evidencia a ambi\u00e7\u00e3o internacional desta marca desde a sua funda\u00e7\u00e3o.\n\n<img width=\"556\" height=\"200\" src=\"https:\/\/apal.pt\/home\/wp-content\/uploads\/2021\/11\/3.jpg\" alt=\"\" srcset=\"https:\/\/apal.pt\/home\/wp-content\/uploads\/2021\/11\/3.jpg 556w, https:\/\/apal.pt\/home\/wp-content\/uploads\/2021\/11\/3-300x108.jpg 300w\" sizes=\"(max-width: 556px) 100vw, 556px\">\n\n<strong>Figura 3. <\/strong>Log\u00f3tipo da Marca de Qualidade QUALISTEELCOAT.\n\nAo promover a harmoniza\u00e7\u00e3o de requisitos a n\u00edvel mundial esta marca de qualidade reveste-se da maior import\u00e2ncia e d\u00e1 resposta ao Regulamento de Produtos da Constru\u00e7\u00e3o (RPC). Este regulamento obriga a que&nbsp;todos os produtos fabricados e destinados a serem incorporados de forma permanente em obras da constru\u00e7\u00e3o, no mercado interno da Uni\u00e3o Europeia, possuam marca\u00e7\u00e3o CE sempre que exista norma europeia para esse produto. No caso das estruturas met\u00e1licas, a norma de refer\u00eancia \u00e9 a EN 1090, sendo que a parte 2 \u00e9 espec\u00edfica para as estruturas em&nbsp;a\u00e7o. Esta norma cont\u00e9m requisitos para a prote\u00e7\u00e3o anticorrosiva segundo processos igualmente abrangidos pela QUALISTEELCOAT, sendo que esta \u00e9 aceite como evid\u00eancia do cumprimento da norma EN 1090.\n\n<img width=\"1024\" height=\"538\" src=\"https:\/\/apal.pt\/home\/wp-content\/uploads\/2021\/11\/1-1024x538.jpg\" alt=\"\" srcset=\"https:\/\/apal.pt\/home\/wp-content\/uploads\/2021\/11\/1-1024x538.jpg 1024w, https:\/\/apal.pt\/home\/wp-content\/uploads\/2021\/11\/1-300x158.jpg 300w, https:\/\/apal.pt\/home\/wp-content\/uploads\/2021\/11\/1-768x403.jpg 768w, https:\/\/apal.pt\/home\/wp-content\/uploads\/2021\/11\/1.jpg 1417w\" sizes=\"(max-width: 1024px) 100vw, 1024px\">\n\n<strong>Figura 4.1&nbsp;<\/strong>Exemplos de sistemas QUALISTEELCOAT.\n\nEm cada pa\u00eds a escolha da entidade inspetora e do laborat\u00f3rio de ensaio \u00e9 da responsabilidade do Licenciado Geral. Em Portugal a APAL, enquanto Licenciado Geral da QUALISTEELCOAT, nomeou o&nbsp;Laborat\u00f3rio Nacional de Engenharia Civil (LNEC), para o efeito.\n\nDurante a inspe\u00e7\u00e3o, realizada anualmente, \u00e9 verificado o cumprimento dos requisitos de autocontrolo do&nbsp;processo e do produto acabado realizado continuamente nas instala\u00e7\u00f5es. Aleatoriamente s\u00e3o recolhidas&nbsp;amostras para ensaio em laborat\u00f3rio acreditado e, \u00e9 feita a verifica\u00e7\u00e3o da exist\u00eancia e cumprimento de procedimentos e metodologias, assim como, de funcionamento e calibra\u00e7\u00e3o de equipamentos de&nbsp;medi\u00e7\u00e3o e controlo. Este tipo de inspe\u00e7\u00e3o, levada a cabo de uma forma rigorosa, promove a conformidade e rastreabilidade do processo em todas as suas fases e, assegura o cumprimento de forma consistente dos requisitos da marca e a implementa\u00e7\u00e3o de melhoria cont\u00ednua nos processos de lacagem do a\u00e7o.\n\n<img width=\"959\" height=\"512\" src=\"https:\/\/apal.pt\/home\/wp-content\/uploads\/2021\/11\/2.jpg\" alt=\"\" srcset=\"https:\/\/apal.pt\/home\/wp-content\/uploads\/2021\/11\/2.jpg 959w, https:\/\/apal.pt\/home\/wp-content\/uploads\/2021\/11\/2-300x160.jpg 300w, https:\/\/apal.pt\/home\/wp-content\/uploads\/2021\/11\/2-768x410.jpg 768w\" sizes=\"(max-width: 959px) 100vw, 959px\">\n\n<strong>Figura 4.2&nbsp;<\/strong>Exemplos de sistemas QUALISTEELCOAT.\n\nAs diferentes marcas de qualidade aqui mencionadas est\u00e3o organizadas de forma similar sendo que cada uma delas conta com uma Comiss\u00e3o Executiva, Assembleia Geral, uma Comiss\u00e3o T\u00e9cnica e Grupos de Trabalho. Todos os Licenciados Gerais se encontram representados atrav\u00e9s de delegados de empresas nacionais provenientes dos diferentes sectores com relev\u00e2ncia para a marca de qualidade em causa.\n\nGarante-se assim heterogeneidade de pontos de vista, conhecimentos e interesses. Neste sentido os Grupos de Trabalho, sendo meramente de caracter t\u00e9cnico est\u00e3o abertos \u00e0 inclus\u00e3o de especialistas independentes cujo aconselhamento \u00e9 requerido pela Comiss\u00e3o T\u00e9cnica.\n\nDeste modo \u00e9 conseguida a total imparcialidade, independ\u00eancia e a essencial troca de conhecimentos em prol do progresso das marcas de qualidade.\n\nAs ind\u00fastrias nacionais que a APAL se orgulha de representar s\u00e3o internacionalmente reconhecidas pelo rigor e compet\u00eancia t\u00e9cnica.&#8221;\t\t\t\t\t\t\t<\/div>\r\n\t\t\t\t\t\t\t\t\t\t<\/div>\n\t\t\t\t<\/div>\n\t\t\t\t\t<\/div>\n\t\t<\/div>\n\t\t\t\t\t<\/div><\/div>\r\n\t\t<\/section>\r\n\t\t\t\t<\/div>\n\t\t","protected":false},"excerpt":{"rendered":"<p>Associa\u00e7\u00e3o Portuguesa do Alum\u00ednio, fundada em 1982, re\u00fane atualmente as principais empresas da ind\u00fastria de extrus\u00e3o, anodiza\u00e7\u00e3o, lacagem e decora\u00e7\u00e3o de alum\u00ednio e ainda a ind\u00fastria de lacagem de a\u00e7o e ind\u00fastrias afins<\/p>\n","protected":false},"author":1,"featured_media":26106,"comment_status":"closed","ping_status":"closed","sticky":false,"template":"single-fullwidth.php","format":"standard","meta":{"footnotes":""},"categories":[109],"tags":[],"class_list":{"0":"post-26044","1":"post","2":"type-post","3":"status-publish","4":"format-standard","5":"has-post-thumbnail","7":"category-noticias"},"yoast_head":"<!-- This site is optimized with the Yoast SEO plugin v27.4 - https:\/\/yoast.com\/product\/yoast-seo-wordpress\/ -->\n<title>QUALISTEELCOAT - MARCA DE QUALIDADE INTERNACIONAL PARA O A\u00c7O LACADO - Apal<\/title>\n<meta name=\"robots\" content=\"index, follow, max-snippet:-1, max-image-preview:large, max-video-preview:-1\" \/>\n<link rel=\"canonical\" href=\"https:\/\/apal.pt\/home\/qualisteelcoat-marcadequalidadeinternacionalparaoacolacado\/\" \/>\n<meta property=\"og:locale\" content=\"en_US\" \/>\n<meta property=\"og:type\" content=\"article\" \/>\n<meta property=\"og:title\" content=\"QUALISTEELCOAT - MARCA DE QUALIDADE INTERNACIONAL PARA O A\u00c7O LACADO - Apal\" \/>\n<meta property=\"og:description\" content=\"Associa\u00e7\u00e3o Portuguesa do Alum\u00ednio, fundada em 1982, re\u00fane atualmente as principais empresas da ind\u00fastria de extrus\u00e3o, anodiza\u00e7\u00e3o, lacagem e decora\u00e7\u00e3o de alum\u00ednio e ainda a ind\u00fastria de lacagem de a\u00e7o e ind\u00fastrias afins\" \/>\n<meta property=\"og:url\" content=\"https:\/\/apal.pt\/home\/qualisteelcoat-marcadequalidadeinternacionalparaoacolacado\/\" \/>\n<meta property=\"og:site_name\" content=\"Apal\" \/>\n<meta property=\"article:publisher\" content=\"https:\/\/www.facebook.com\/apaluminio\/?locale=pt_PT\" \/>\n<meta property=\"article:published_time\" content=\"2021-10-01T02:24:55+00:00\" \/>\n<meta property=\"article:modified_time\" content=\"2024-08-09T08:44:37+00:00\" \/>\n<meta property=\"og:image\" content=\"https:\/\/apal.pt\/home\/wp-content\/uploads\/2021\/11\/3.jpg\" \/>\n\t<meta property=\"og:image:width\" content=\"556\" \/>\n\t<meta property=\"og:image:height\" content=\"200\" \/>\n\t<meta property=\"og:image:type\" content=\"image\/jpeg\" \/>\n<meta name=\"author\" content=\"admin\" \/>\n<meta name=\"twitter:card\" content=\"summary_large_image\" \/>\n<meta name=\"twitter:label1\" content=\"Written by\" \/>\n\t<meta name=\"twitter:data1\" content=\"admin\" \/>\n\t<meta name=\"twitter:label2\" content=\"Est. reading time\" \/>\n\t<meta name=\"twitter:data2\" content=\"6 minutes\" \/>\n<script type=\"application\/ld+json\" class=\"yoast-schema-graph\">{\"@context\":\"https:\\\/\\\/schema.org\",\"@graph\":[{\"@type\":\"Article\",\"@id\":\"https:\\\/\\\/apal.pt\\\/home\\\/qualisteelcoat-marcadequalidadeinternacionalparaoacolacado\\\/#article\",\"isPartOf\":{\"@id\":\"https:\\\/\\\/apal.pt\\\/home\\\/qualisteelcoat-marcadequalidadeinternacionalparaoacolacado\\\/\"},\"author\":{\"name\":\"admin\",\"@id\":\"https:\\\/\\\/apal.pt\\\/home\\\/#\\\/schema\\\/person\\\/c235da6bc3c8463b75e4f68b7003ae33\"},\"headline\":\"QUALISTEELCOAT &#8211; MARCA DE QUALIDADE INTERNACIONAL PARA O A\u00c7O LACADO\",\"datePublished\":\"2021-10-01T02:24:55+00:00\",\"dateModified\":\"2024-08-09T08:44:37+00:00\",\"mainEntityOfPage\":{\"@id\":\"https:\\\/\\\/apal.pt\\\/home\\\/qualisteelcoat-marcadequalidadeinternacionalparaoacolacado\\\/\"},\"wordCount\":1017,\"publisher\":{\"@id\":\"https:\\\/\\\/apal.pt\\\/home\\\/#organization\"},\"image\":{\"@id\":\"https:\\\/\\\/apal.pt\\\/home\\\/qualisteelcoat-marcadequalidadeinternacionalparaoacolacado\\\/#primaryimage\"},\"thumbnailUrl\":\"https:\\\/\\\/apal.pt\\\/home\\\/wp-content\\\/uploads\\\/2021\\\/11\\\/3.jpg\",\"articleSection\":[\"Not\u00edcias\"],\"inLanguage\":\"en-US\"},{\"@type\":\"WebPage\",\"@id\":\"https:\\\/\\\/apal.pt\\\/home\\\/qualisteelcoat-marcadequalidadeinternacionalparaoacolacado\\\/\",\"url\":\"https:\\\/\\\/apal.pt\\\/home\\\/qualisteelcoat-marcadequalidadeinternacionalparaoacolacado\\\/\",\"name\":\"QUALISTEELCOAT - MARCA DE QUALIDADE INTERNACIONAL PARA O A\u00c7O LACADO - Apal\",\"isPartOf\":{\"@id\":\"https:\\\/\\\/apal.pt\\\/home\\\/#website\"},\"primaryImageOfPage\":{\"@id\":\"https:\\\/\\\/apal.pt\\\/home\\\/qualisteelcoat-marcadequalidadeinternacionalparaoacolacado\\\/#primaryimage\"},\"image\":{\"@id\":\"https:\\\/\\\/apal.pt\\\/home\\\/qualisteelcoat-marcadequalidadeinternacionalparaoacolacado\\\/#primaryimage\"},\"thumbnailUrl\":\"https:\\\/\\\/apal.pt\\\/home\\\/wp-content\\\/uploads\\\/2021\\\/11\\\/3.jpg\",\"datePublished\":\"2021-10-01T02:24:55+00:00\",\"dateModified\":\"2024-08-09T08:44:37+00:00\",\"breadcrumb\":{\"@id\":\"https:\\\/\\\/apal.pt\\\/home\\\/qualisteelcoat-marcadequalidadeinternacionalparaoacolacado\\\/#breadcrumb\"},\"inLanguage\":\"en-US\",\"potentialAction\":[{\"@type\":\"ReadAction\",\"target\":[\"https:\\\/\\\/apal.pt\\\/home\\\/qualisteelcoat-marcadequalidadeinternacionalparaoacolacado\\\/\"]}]},{\"@type\":\"ImageObject\",\"inLanguage\":\"en-US\",\"@id\":\"https:\\\/\\\/apal.pt\\\/home\\\/qualisteelcoat-marcadequalidadeinternacionalparaoacolacado\\\/#primaryimage\",\"url\":\"https:\\\/\\\/apal.pt\\\/home\\\/wp-content\\\/uploads\\\/2021\\\/11\\\/3.jpg\",\"contentUrl\":\"https:\\\/\\\/apal.pt\\\/home\\\/wp-content\\\/uploads\\\/2021\\\/11\\\/3.jpg\",\"width\":556,\"height\":200},{\"@type\":\"BreadcrumbList\",\"@id\":\"https:\\\/\\\/apal.pt\\\/home\\\/qualisteelcoat-marcadequalidadeinternacionalparaoacolacado\\\/#breadcrumb\",\"itemListElement\":[{\"@type\":\"ListItem\",\"position\":1,\"name\":\"Home\",\"item\":\"https:\\\/\\\/apal.pt\\\/home\\\/\"},{\"@type\":\"ListItem\",\"position\":2,\"name\":\"QUALISTEELCOAT &#8211; MARCA DE QUALIDADE INTERNACIONAL PARA O A\u00c7O LACADO\"}]},{\"@type\":\"WebSite\",\"@id\":\"https:\\\/\\\/apal.pt\\\/home\\\/#website\",\"url\":\"https:\\\/\\\/apal.pt\\\/home\\\/\",\"name\":\"Apal\",\"description\":\"Associa\u00e7\u00e3o Portuguesa do Alum\u00ednio\",\"publisher\":{\"@id\":\"https:\\\/\\\/apal.pt\\\/home\\\/#organization\"},\"potentialAction\":[{\"@type\":\"SearchAction\",\"target\":{\"@type\":\"EntryPoint\",\"urlTemplate\":\"https:\\\/\\\/apal.pt\\\/home\\\/?s={search_term_string}\"},\"query-input\":{\"@type\":\"PropertyValueSpecification\",\"valueRequired\":true,\"valueName\":\"search_term_string\"}}],\"inLanguage\":\"en-US\"},{\"@type\":\"Organization\",\"@id\":\"https:\\\/\\\/apal.pt\\\/home\\\/#organization\",\"name\":\"Apal - Associa\u00e7\u00e3o Portuguesa do Alum\u00ednio\",\"url\":\"https:\\\/\\\/apal.pt\\\/home\\\/\",\"logo\":{\"@type\":\"ImageObject\",\"inLanguage\":\"en-US\",\"@id\":\"https:\\\/\\\/apal.pt\\\/home\\\/#\\\/schema\\\/logo\\\/image\\\/\",\"url\":\"https:\\\/\\\/apal.pt\\\/home\\\/wp-content\\\/uploads\\\/2021\\\/10\\\/Apal_final_black.png\",\"contentUrl\":\"https:\\\/\\\/apal.pt\\\/home\\\/wp-content\\\/uploads\\\/2021\\\/10\\\/Apal_final_black.png\",\"width\":2048,\"height\":1119,\"caption\":\"Apal - Associa\u00e7\u00e3o Portuguesa do Alum\u00ednio\"},\"image\":{\"@id\":\"https:\\\/\\\/apal.pt\\\/home\\\/#\\\/schema\\\/logo\\\/image\\\/\"},\"sameAs\":[\"https:\\\/\\\/www.facebook.com\\\/apaluminio\\\/?locale=pt_PT\"]},{\"@type\":\"Person\",\"@id\":\"https:\\\/\\\/apal.pt\\\/home\\\/#\\\/schema\\\/person\\\/c235da6bc3c8463b75e4f68b7003ae33\",\"name\":\"admin\",\"image\":{\"@type\":\"ImageObject\",\"inLanguage\":\"en-US\",\"@id\":\"https:\\\/\\\/secure.gravatar.com\\\/avatar\\\/79693450e73a0687de7dfc33863383adc984d69816949931801e757aeebb0b8c?s=96&d=mm&r=g\",\"url\":\"https:\\\/\\\/secure.gravatar.com\\\/avatar\\\/79693450e73a0687de7dfc33863383adc984d69816949931801e757aeebb0b8c?s=96&d=mm&r=g\",\"contentUrl\":\"https:\\\/\\\/secure.gravatar.com\\\/avatar\\\/79693450e73a0687de7dfc33863383adc984d69816949931801e757aeebb0b8c?s=96&d=mm&r=g\",\"caption\":\"admin\"},\"sameAs\":[\"https:\\\/\\\/apal.pt\\\/home\"],\"url\":\"https:\\\/\\\/apal.pt\\\/home\\\/author\\\/admin\\\/\"}]}<\/script>\n<!-- \/ Yoast SEO plugin. -->","yoast_head_json":{"title":"QUALISTEELCOAT - MARCA DE QUALIDADE INTERNACIONAL PARA O A\u00c7O LACADO - Apal","robots":{"index":"index","follow":"follow","max-snippet":"max-snippet:-1","max-image-preview":"max-image-preview:large","max-video-preview":"max-video-preview:-1"},"canonical":"https:\/\/apal.pt\/home\/qualisteelcoat-marcadequalidadeinternacionalparaoacolacado\/","og_locale":"en_US","og_type":"article","og_title":"QUALISTEELCOAT - MARCA DE QUALIDADE INTERNACIONAL PARA O A\u00c7O LACADO - Apal","og_description":"Associa\u00e7\u00e3o Portuguesa do Alum\u00ednio, fundada em 1982, re\u00fane atualmente as principais empresas da ind\u00fastria de extrus\u00e3o, anodiza\u00e7\u00e3o, lacagem e decora\u00e7\u00e3o de alum\u00ednio e ainda a ind\u00fastria de lacagem de a\u00e7o e ind\u00fastrias afins","og_url":"https:\/\/apal.pt\/home\/qualisteelcoat-marcadequalidadeinternacionalparaoacolacado\/","og_site_name":"Apal","article_publisher":"https:\/\/www.facebook.com\/apaluminio\/?locale=pt_PT","article_published_time":"2021-10-01T02:24:55+00:00","article_modified_time":"2024-08-09T08:44:37+00:00","og_image":[{"width":556,"height":200,"url":"https:\/\/apal.pt\/home\/wp-content\/uploads\/2021\/11\/3.jpg","type":"image\/jpeg"}],"author":"admin","twitter_card":"summary_large_image","twitter_misc":{"Written by":"admin","Est. reading time":"6 minutes"},"schema":{"@context":"https:\/\/schema.org","@graph":[{"@type":"Article","@id":"https:\/\/apal.pt\/home\/qualisteelcoat-marcadequalidadeinternacionalparaoacolacado\/#article","isPartOf":{"@id":"https:\/\/apal.pt\/home\/qualisteelcoat-marcadequalidadeinternacionalparaoacolacado\/"},"author":{"name":"admin","@id":"https:\/\/apal.pt\/home\/#\/schema\/person\/c235da6bc3c8463b75e4f68b7003ae33"},"headline":"QUALISTEELCOAT &#8211; MARCA DE QUALIDADE INTERNACIONAL PARA O A\u00c7O LACADO","datePublished":"2021-10-01T02:24:55+00:00","dateModified":"2024-08-09T08:44:37+00:00","mainEntityOfPage":{"@id":"https:\/\/apal.pt\/home\/qualisteelcoat-marcadequalidadeinternacionalparaoacolacado\/"},"wordCount":1017,"publisher":{"@id":"https:\/\/apal.pt\/home\/#organization"},"image":{"@id":"https:\/\/apal.pt\/home\/qualisteelcoat-marcadequalidadeinternacionalparaoacolacado\/#primaryimage"},"thumbnailUrl":"https:\/\/apal.pt\/home\/wp-content\/uploads\/2021\/11\/3.jpg","articleSection":["Not\u00edcias"],"inLanguage":"en-US"},{"@type":"WebPage","@id":"https:\/\/apal.pt\/home\/qualisteelcoat-marcadequalidadeinternacionalparaoacolacado\/","url":"https:\/\/apal.pt\/home\/qualisteelcoat-marcadequalidadeinternacionalparaoacolacado\/","name":"QUALISTEELCOAT - MARCA DE QUALIDADE INTERNACIONAL PARA O A\u00c7O LACADO - Apal","isPartOf":{"@id":"https:\/\/apal.pt\/home\/#website"},"primaryImageOfPage":{"@id":"https:\/\/apal.pt\/home\/qualisteelcoat-marcadequalidadeinternacionalparaoacolacado\/#primaryimage"},"image":{"@id":"https:\/\/apal.pt\/home\/qualisteelcoat-marcadequalidadeinternacionalparaoacolacado\/#primaryimage"},"thumbnailUrl":"https:\/\/apal.pt\/home\/wp-content\/uploads\/2021\/11\/3.jpg","datePublished":"2021-10-01T02:24:55+00:00","dateModified":"2024-08-09T08:44:37+00:00","breadcrumb":{"@id":"https:\/\/apal.pt\/home\/qualisteelcoat-marcadequalidadeinternacionalparaoacolacado\/#breadcrumb"},"inLanguage":"en-US","potentialAction":[{"@type":"ReadAction","target":["https:\/\/apal.pt\/home\/qualisteelcoat-marcadequalidadeinternacionalparaoacolacado\/"]}]},{"@type":"ImageObject","inLanguage":"en-US","@id":"https:\/\/apal.pt\/home\/qualisteelcoat-marcadequalidadeinternacionalparaoacolacado\/#primaryimage","url":"https:\/\/apal.pt\/home\/wp-content\/uploads\/2021\/11\/3.jpg","contentUrl":"https:\/\/apal.pt\/home\/wp-content\/uploads\/2021\/11\/3.jpg","width":556,"height":200},{"@type":"BreadcrumbList","@id":"https:\/\/apal.pt\/home\/qualisteelcoat-marcadequalidadeinternacionalparaoacolacado\/#breadcrumb","itemListElement":[{"@type":"ListItem","position":1,"name":"Home","item":"https:\/\/apal.pt\/home\/"},{"@type":"ListItem","position":2,"name":"QUALISTEELCOAT &#8211; MARCA DE QUALIDADE INTERNACIONAL PARA O A\u00c7O LACADO"}]},{"@type":"WebSite","@id":"https:\/\/apal.pt\/home\/#website","url":"https:\/\/apal.pt\/home\/","name":"Apal","description":"Associa\u00e7\u00e3o Portuguesa do Alum\u00ednio","publisher":{"@id":"https:\/\/apal.pt\/home\/#organization"},"potentialAction":[{"@type":"SearchAction","target":{"@type":"EntryPoint","urlTemplate":"https:\/\/apal.pt\/home\/?s={search_term_string}"},"query-input":{"@type":"PropertyValueSpecification","valueRequired":true,"valueName":"search_term_string"}}],"inLanguage":"en-US"},{"@type":"Organization","@id":"https:\/\/apal.pt\/home\/#organization","name":"Apal - Associa\u00e7\u00e3o Portuguesa do Alum\u00ednio","url":"https:\/\/apal.pt\/home\/","logo":{"@type":"ImageObject","inLanguage":"en-US","@id":"https:\/\/apal.pt\/home\/#\/schema\/logo\/image\/","url":"https:\/\/apal.pt\/home\/wp-content\/uploads\/2021\/10\/Apal_final_black.png","contentUrl":"https:\/\/apal.pt\/home\/wp-content\/uploads\/2021\/10\/Apal_final_black.png","width":2048,"height":1119,"caption":"Apal - Associa\u00e7\u00e3o Portuguesa do Alum\u00ednio"},"image":{"@id":"https:\/\/apal.pt\/home\/#\/schema\/logo\/image\/"},"sameAs":["https:\/\/www.facebook.com\/apaluminio\/?locale=pt_PT"]},{"@type":"Person","@id":"https:\/\/apal.pt\/home\/#\/schema\/person\/c235da6bc3c8463b75e4f68b7003ae33","name":"admin","image":{"@type":"ImageObject","inLanguage":"en-US","@id":"https:\/\/secure.gravatar.com\/avatar\/79693450e73a0687de7dfc33863383adc984d69816949931801e757aeebb0b8c?s=96&d=mm&r=g","url":"https:\/\/secure.gravatar.com\/avatar\/79693450e73a0687de7dfc33863383adc984d69816949931801e757aeebb0b8c?s=96&d=mm&r=g","contentUrl":"https:\/\/secure.gravatar.com\/avatar\/79693450e73a0687de7dfc33863383adc984d69816949931801e757aeebb0b8c?s=96&d=mm&r=g","caption":"admin"},"sameAs":["https:\/\/apal.pt\/home"],"url":"https:\/\/apal.pt\/home\/author\/admin\/"}]}},"menu_order":0,"_links":{"self":[{"href":"https:\/\/apal.pt\/home\/wp-json\/wp\/v2\/posts\/26044","targetHints":{"allow":["GET"]}}],"collection":[{"href":"https:\/\/apal.pt\/home\/wp-json\/wp\/v2\/posts"}],"about":[{"href":"https:\/\/apal.pt\/home\/wp-json\/wp\/v2\/types\/post"}],"author":[{"embeddable":true,"href":"https:\/\/apal.pt\/home\/wp-json\/wp\/v2\/users\/1"}],"replies":[{"embeddable":true,"href":"https:\/\/apal.pt\/home\/wp-json\/wp\/v2\/comments?post=26044"}],"version-history":[{"count":0,"href":"https:\/\/apal.pt\/home\/wp-json\/wp\/v2\/posts\/26044\/revisions"}],"wp:featuredmedia":[{"embeddable":true,"href":"https:\/\/apal.pt\/home\/wp-json\/wp\/v2\/media\/26106"}],"wp:attachment":[{"href":"https:\/\/apal.pt\/home\/wp-json\/wp\/v2\/media?parent=26044"}],"wp:term":[{"taxonomy":"category","embeddable":true,"href":"https:\/\/apal.pt\/home\/wp-json\/wp\/v2\/categories?post=26044"},{"taxonomy":"post_tag","embeddable":true,"href":"https:\/\/apal.pt\/home\/wp-json\/wp\/v2\/tags?post=26044"}],"curies":[{"name":"wp","href":"https:\/\/api.w.org\/{rel}","templated":true}]}}