{"id":26051,"date":"2021-11-01T02:31:52","date_gmt":"2021-11-01T02:31:52","guid":{"rendered":"http:\/\/apal.pt\/home\/?p=26051"},"modified":"2024-01-03T02:22:05","modified_gmt":"2024-01-03T02:22:05","slug":"apal-36-anos-ao-servico-da-industria-do-aluminio-e-do-tratamento-de-superficie","status":"publish","type":"post","link":"https:\/\/apal.pt\/home\/apal-36-anos-ao-servico-da-industria-do-aluminio-e-do-tratamento-de-superficie\/","title":{"rendered":"APAL \u2013 36 ANOS AO SERVI\u00c7O DA IND\u00daSTRIA DO ALUM\u00cdNIO E DO TRATAMENTO DE SUPERF\u00cdCIE"},"content":{"rendered":"\t\t<div data-elementor-type=\"wp-post\" data-elementor-id=\"26051\" class=\"elementor elementor-26051\" data-elementor-post-type=\"post\">\n\t\t\t\t\t\t<section class=\"elementor-section elementor-top-section elementor-element elementor-element-c109003 elementor-section-boxed elementor-section-height-default elementor-section-height-default\" data-id=\"c109003\" data-element_type=\"section\" data-e-type=\"section\">\r\n\t\t\t\t\t\t<div class=\"elementor-container elementor-column-gap-thegem\"><div class=\"elementor-row\">\r\n\t\t\t\t\t<div class=\"elementor-column elementor-col-50 elementor-top-column elementor-element elementor-element-557dfe3\" data-id=\"557dfe3\" data-element_type=\"column\" data-e-type=\"column\">\n\t\t\t<div class=\"elementor-widget-wrap elementor-element-populated\">\n\t\t\t\t\t\t<div class=\"elementor-element elementor-element-b106b67 flex-horizontal-align-default flex-horizontal-align-tablet-default flex-horizontal-align-mobile-default flex-vertical-align-default flex-vertical-align-tablet-default flex-vertical-align-mobile-default elementor-widget elementor-widget-image\" data-id=\"b106b67\" data-element_type=\"widget\" data-e-type=\"widget\" data-widget_type=\"image.default\">\n\t\t\t\t<div class=\"elementor-widget-container\">\n\t\t\t\t\t\t\t\t\t\t\t\t\t\t\t<img width=\"408\" height=\"585\" src=\"https:\/\/apal.pt\/home\/wp-content\/uploads\/2021\/11\/rsz_1capa_revista_metalica_no51.jpg\" class=\"attachment-full size-full wp-image-26053\" alt=\"\" srcset=\"https:\/\/apal.pt\/home\/wp-content\/uploads\/2021\/11\/rsz_1capa_revista_metalica_no51.jpg 408w, https:\/\/apal.pt\/home\/wp-content\/uploads\/2021\/11\/rsz_1capa_revista_metalica_no51-209x300.jpg 209w\" sizes=\"(max-width: 408px) 100vw, 408px\" \/>\t\t\t\t\t\t\t\t\t\t\t\t\t\t\t<\/div>\n\t\t\t\t<\/div>\n\t\t\t\t\t<\/div>\n\t\t<\/div>\n\t\t\t\t<div class=\"elementor-column elementor-col-50 elementor-top-column elementor-element elementor-element-b103e96\" data-id=\"b103e96\" data-element_type=\"column\" data-e-type=\"column\">\n\t\t\t<div class=\"elementor-widget-wrap elementor-element-populated\">\n\t\t\t\t\t\t<div class=\"elementor-element elementor-element-70d5378 flex-horizontal-align-default flex-horizontal-align-tablet-default flex-horizontal-align-mobile-default flex-vertical-align-default flex-vertical-align-tablet-default flex-vertical-align-mobile-default elementor-widget elementor-widget-text-editor\" data-id=\"70d5378\" data-element_type=\"widget\" data-e-type=\"widget\" data-widget_type=\"text-editor.default\">\n\t\t\t\t<div class=\"elementor-widget-container\">\n\t\t\t\t\t\t\t\t\t\t\t\t<div class=\"elementor-text-editor elementor-clearfix\">\r\n\t\t\t\t\t\t<p>&#8220;<strong>APAL \u2013 36 ANOS AO SERVI\u00c7O DA IND\u00daSTRIA DO ALUM\u00cdNIO E DO TRATAMENTO DE SUPERF\u00cdCIE<\/strong>\u201d \u00e9 o t\u00edtulo do artigo publicado no N.\u00ba 51 da revista Met\u00e1lica de setembro de 2018, da autoria das Eng.as Margarida Casqueiro e Ros\u00e1rio Machado. Esta publica\u00e7\u00e3o surge no \u00e2mbito do protocolo de colabora\u00e7\u00e3o estabelecido entre a APAL e a <a title=\"https:\/\/www.cmm.pt\/site\/\" href=\"https:\/\/www.cmm.pt\/site\/\" target=\"_blank\" rel=\"noopener\">CMM &#8211; Associa\u00e7\u00e3o Portuguesa de Constru\u00e7\u00e3o Met\u00e1lica e Mista &#8211; Associa\u00e7\u00e3o Portuguesa de Constru\u00e7\u00e3o Met\u00e1lica e Mista <\/a>e enquadra-se num conjunto de outras atividades em curso.<\/p><p>\u00a0A APAL &#8211; Associa\u00e7\u00e3o Portuguesa do Alum\u00ednio, re\u00fane atualmente as principais empresas da ind\u00fastria de extrus\u00e3o, anodiza\u00e7\u00e3o, lacagem e decora\u00e7\u00e3o de alum\u00ednio e ainda a ind\u00fastria de lacagem de a\u00e7o e ind\u00fastrias afins.<\/p><p>O setor do alum\u00ednio conseguiu superar as dificuldades que o pa\u00eds atravessou recentemente e est\u00e1 empenhado em crescer, quer no mercado nacional, quer no mercado internacional, e refor\u00e7ar o importante contributo que este setor tem para a economia nacional &#8211; Portugal foi pioneiro na aposta no Alum\u00ednio no Sul da Europa.<\/p><p>As ind\u00fastrias nacionais que a APAL se orgulha de representar s\u00e3o internacionalmente reconhecidas pelo rigor e compet\u00eancia t\u00e9cnica.<\/p><p>Conhe\u00e7a melhor a APAL e as Marcas de Qualidade para o Alum\u00ednio e A\u00e7o lendo o artigo completo <a href=\"http:\/\/apal.pt\/images\/APAL__36_ANOS_AO_SERVI%C3%87O_DA_IND%C3%9ASTRIA_DO_ALUM%C3%8DNIO_\/APAL_36_anos_ao_servico_da_industria.pdf\" target=\"_blank\" rel=\"noopener\">aqui<\/a>.<\/p>\t\t\t\t\t\t\t<\/div>\r\n\t\t\t\t\t\t\t\t\t\t<\/div>\n\t\t\t\t<\/div>\n\t\t\t\t\t<\/div>\n\t\t<\/div>\n\t\t\t\t\t<\/div><\/div>\r\n\t\t<\/section>\r\n\t\t\t\t<\/div>\n\t\t","protected":false},"excerpt":{"rendered":"<p>T\u00edtulo do artigo publicado no N.\u00ba 51 da revista Met\u00e1lica de setembro de 2018, da autoria das Eng.as Margarida Casqueiro e Ros\u00e1rio Machado<\/p>\n","protected":false},"author":1,"featured_media":26053,"comment_status":"closed","ping_status":"closed","sticky":false,"template":"single-fullwidth.php","format":"standard","meta":{"footnotes":""},"categories":[109],"tags":[],"class_list":{"0":"post-26051","1":"post","2":"type-post","3":"status-publish","4":"format-standard","5":"has-post-thumbnail","7":"category-noticias"},"yoast_head":"<!-- This site is optimized with the Yoast SEO plugin v27.4 - https:\/\/yoast.com\/product\/yoast-seo-wordpress\/ -->\n<title>APAL \u2013 36 ANOS AO SERVI\u00c7O DA IND\u00daSTRIA DO ALUM\u00cdNIO E DO TRATAMENTO DE SUPERF\u00cdCIE - Apal<\/title>\n<meta name=\"robots\" content=\"index, follow, max-snippet:-1, max-image-preview:large, max-video-preview:-1\" \/>\n<link rel=\"canonical\" href=\"https:\/\/apal.pt\/home\/apal-36-anos-ao-servico-da-industria-do-aluminio-e-do-tratamento-de-superficie\/\" \/>\n<meta property=\"og:locale\" content=\"en_US\" \/>\n<meta property=\"og:type\" content=\"article\" \/>\n<meta property=\"og:title\" content=\"APAL \u2013 36 ANOS AO SERVI\u00c7O DA IND\u00daSTRIA DO ALUM\u00cdNIO E DO TRATAMENTO DE SUPERF\u00cdCIE - Apal\" \/>\n<meta property=\"og:description\" content=\"T\u00edtulo do artigo publicado no N.\u00ba 51 da revista Met\u00e1lica de setembro de 2018, da autoria das Eng.as Margarida Casqueiro e Ros\u00e1rio Machado\" \/>\n<meta property=\"og:url\" content=\"https:\/\/apal.pt\/home\/apal-36-anos-ao-servico-da-industria-do-aluminio-e-do-tratamento-de-superficie\/\" \/>\n<meta property=\"og:site_name\" content=\"Apal\" \/>\n<meta property=\"article:publisher\" content=\"https:\/\/www.facebook.com\/apaluminio\/?locale=pt_PT\" \/>\n<meta property=\"article:published_time\" content=\"2021-11-01T02:31:52+00:00\" \/>\n<meta property=\"article:modified_time\" content=\"2024-01-03T02:22:05+00:00\" \/>\n<meta property=\"og:image\" content=\"https:\/\/apal.pt\/home\/wp-content\/uploads\/2021\/11\/rsz_1capa_revista_metalica_no51.jpg\" \/>\n\t<meta property=\"og:image:width\" content=\"408\" \/>\n\t<meta property=\"og:image:height\" content=\"585\" \/>\n\t<meta property=\"og:image:type\" content=\"image\/jpeg\" \/>\n<meta name=\"author\" content=\"admin\" \/>\n<meta name=\"twitter:card\" content=\"summary_large_image\" \/>\n<meta name=\"twitter:label1\" content=\"Written by\" \/>\n\t<meta name=\"twitter:data1\" content=\"admin\" \/>\n\t<meta name=\"twitter:label2\" content=\"Est. reading time\" \/>\n\t<meta name=\"twitter:data2\" content=\"2 minutes\" \/>\n<script type=\"application\/ld+json\" class=\"yoast-schema-graph\">{\"@context\":\"https:\\\/\\\/schema.org\",\"@graph\":[{\"@type\":\"Article\",\"@id\":\"https:\\\/\\\/apal.pt\\\/home\\\/apal-36-anos-ao-servico-da-industria-do-aluminio-e-do-tratamento-de-superficie\\\/#article\",\"isPartOf\":{\"@id\":\"https:\\\/\\\/apal.pt\\\/home\\\/apal-36-anos-ao-servico-da-industria-do-aluminio-e-do-tratamento-de-superficie\\\/\"},\"author\":{\"name\":\"admin\",\"@id\":\"https:\\\/\\\/apal.pt\\\/home\\\/#\\\/schema\\\/person\\\/c235da6bc3c8463b75e4f68b7003ae33\"},\"headline\":\"APAL \u2013 36 ANOS AO SERVI\u00c7O DA IND\u00daSTRIA DO ALUM\u00cdNIO E DO TRATAMENTO DE SUPERF\u00cdCIE\",\"datePublished\":\"2021-11-01T02:31:52+00:00\",\"dateModified\":\"2024-01-03T02:22:05+00:00\",\"mainEntityOfPage\":{\"@id\":\"https:\\\/\\\/apal.pt\\\/home\\\/apal-36-anos-ao-servico-da-industria-do-aluminio-e-do-tratamento-de-superficie\\\/\"},\"wordCount\":253,\"publisher\":{\"@id\":\"https:\\\/\\\/apal.pt\\\/home\\\/#organization\"},\"image\":{\"@id\":\"https:\\\/\\\/apal.pt\\\/home\\\/apal-36-anos-ao-servico-da-industria-do-aluminio-e-do-tratamento-de-superficie\\\/#primaryimage\"},\"thumbnailUrl\":\"https:\\\/\\\/apal.pt\\\/home\\\/wp-content\\\/uploads\\\/2021\\\/11\\\/rsz_1capa_revista_metalica_no51.jpg\",\"articleSection\":[\"Not\u00edcias\"],\"inLanguage\":\"en-US\"},{\"@type\":\"WebPage\",\"@id\":\"https:\\\/\\\/apal.pt\\\/home\\\/apal-36-anos-ao-servico-da-industria-do-aluminio-e-do-tratamento-de-superficie\\\/\",\"url\":\"https:\\\/\\\/apal.pt\\\/home\\\/apal-36-anos-ao-servico-da-industria-do-aluminio-e-do-tratamento-de-superficie\\\/\",\"name\":\"APAL \u2013 36 ANOS AO SERVI\u00c7O DA IND\u00daSTRIA DO ALUM\u00cdNIO E DO TRATAMENTO DE SUPERF\u00cdCIE - Apal\",\"isPartOf\":{\"@id\":\"https:\\\/\\\/apal.pt\\\/home\\\/#website\"},\"primaryImageOfPage\":{\"@id\":\"https:\\\/\\\/apal.pt\\\/home\\\/apal-36-anos-ao-servico-da-industria-do-aluminio-e-do-tratamento-de-superficie\\\/#primaryimage\"},\"image\":{\"@id\":\"https:\\\/\\\/apal.pt\\\/home\\\/apal-36-anos-ao-servico-da-industria-do-aluminio-e-do-tratamento-de-superficie\\\/#primaryimage\"},\"thumbnailUrl\":\"https:\\\/\\\/apal.pt\\\/home\\\/wp-content\\\/uploads\\\/2021\\\/11\\\/rsz_1capa_revista_metalica_no51.jpg\",\"datePublished\":\"2021-11-01T02:31:52+00:00\",\"dateModified\":\"2024-01-03T02:22:05+00:00\",\"breadcrumb\":{\"@id\":\"https:\\\/\\\/apal.pt\\\/home\\\/apal-36-anos-ao-servico-da-industria-do-aluminio-e-do-tratamento-de-superficie\\\/#breadcrumb\"},\"inLanguage\":\"en-US\",\"potentialAction\":[{\"@type\":\"ReadAction\",\"target\":[\"https:\\\/\\\/apal.pt\\\/home\\\/apal-36-anos-ao-servico-da-industria-do-aluminio-e-do-tratamento-de-superficie\\\/\"]}]},{\"@type\":\"ImageObject\",\"inLanguage\":\"en-US\",\"@id\":\"https:\\\/\\\/apal.pt\\\/home\\\/apal-36-anos-ao-servico-da-industria-do-aluminio-e-do-tratamento-de-superficie\\\/#primaryimage\",\"url\":\"https:\\\/\\\/apal.pt\\\/home\\\/wp-content\\\/uploads\\\/2021\\\/11\\\/rsz_1capa_revista_metalica_no51.jpg\",\"contentUrl\":\"https:\\\/\\\/apal.pt\\\/home\\\/wp-content\\\/uploads\\\/2021\\\/11\\\/rsz_1capa_revista_metalica_no51.jpg\",\"width\":408,\"height\":585},{\"@type\":\"BreadcrumbList\",\"@id\":\"https:\\\/\\\/apal.pt\\\/home\\\/apal-36-anos-ao-servico-da-industria-do-aluminio-e-do-tratamento-de-superficie\\\/#breadcrumb\",\"itemListElement\":[{\"@type\":\"ListItem\",\"position\":1,\"name\":\"Home\",\"item\":\"https:\\\/\\\/apal.pt\\\/home\\\/\"},{\"@type\":\"ListItem\",\"position\":2,\"name\":\"APAL \u2013 36 ANOS AO SERVI\u00c7O DA IND\u00daSTRIA DO ALUM\u00cdNIO E DO TRATAMENTO DE SUPERF\u00cdCIE\"}]},{\"@type\":\"WebSite\",\"@id\":\"https:\\\/\\\/apal.pt\\\/home\\\/#website\",\"url\":\"https:\\\/\\\/apal.pt\\\/home\\\/\",\"name\":\"Apal\",\"description\":\"Associa\u00e7\u00e3o Portuguesa do Alum\u00ednio\",\"publisher\":{\"@id\":\"https:\\\/\\\/apal.pt\\\/home\\\/#organization\"},\"potentialAction\":[{\"@type\":\"SearchAction\",\"target\":{\"@type\":\"EntryPoint\",\"urlTemplate\":\"https:\\\/\\\/apal.pt\\\/home\\\/?s={search_term_string}\"},\"query-input\":{\"@type\":\"PropertyValueSpecification\",\"valueRequired\":true,\"valueName\":\"search_term_string\"}}],\"inLanguage\":\"en-US\"},{\"@type\":\"Organization\",\"@id\":\"https:\\\/\\\/apal.pt\\\/home\\\/#organization\",\"name\":\"Apal - Associa\u00e7\u00e3o Portuguesa do Alum\u00ednio\",\"url\":\"https:\\\/\\\/apal.pt\\\/home\\\/\",\"logo\":{\"@type\":\"ImageObject\",\"inLanguage\":\"en-US\",\"@id\":\"https:\\\/\\\/apal.pt\\\/home\\\/#\\\/schema\\\/logo\\\/image\\\/\",\"url\":\"https:\\\/\\\/apal.pt\\\/home\\\/wp-content\\\/uploads\\\/2021\\\/10\\\/Apal_final_black.png\",\"contentUrl\":\"https:\\\/\\\/apal.pt\\\/home\\\/wp-content\\\/uploads\\\/2021\\\/10\\\/Apal_final_black.png\",\"width\":2048,\"height\":1119,\"caption\":\"Apal - Associa\u00e7\u00e3o Portuguesa do Alum\u00ednio\"},\"image\":{\"@id\":\"https:\\\/\\\/apal.pt\\\/home\\\/#\\\/schema\\\/logo\\\/image\\\/\"},\"sameAs\":[\"https:\\\/\\\/www.facebook.com\\\/apaluminio\\\/?locale=pt_PT\"]},{\"@type\":\"Person\",\"@id\":\"https:\\\/\\\/apal.pt\\\/home\\\/#\\\/schema\\\/person\\\/c235da6bc3c8463b75e4f68b7003ae33\",\"name\":\"admin\",\"image\":{\"@type\":\"ImageObject\",\"inLanguage\":\"en-US\",\"@id\":\"https:\\\/\\\/secure.gravatar.com\\\/avatar\\\/79693450e73a0687de7dfc33863383adc984d69816949931801e757aeebb0b8c?s=96&d=mm&r=g\",\"url\":\"https:\\\/\\\/secure.gravatar.com\\\/avatar\\\/79693450e73a0687de7dfc33863383adc984d69816949931801e757aeebb0b8c?s=96&d=mm&r=g\",\"contentUrl\":\"https:\\\/\\\/secure.gravatar.com\\\/avatar\\\/79693450e73a0687de7dfc33863383adc984d69816949931801e757aeebb0b8c?s=96&d=mm&r=g\",\"caption\":\"admin\"},\"sameAs\":[\"https:\\\/\\\/apal.pt\\\/home\"],\"url\":\"https:\\\/\\\/apal.pt\\\/home\\\/author\\\/admin\\\/\"}]}<\/script>\n<!-- \/ Yoast SEO plugin. -->","yoast_head_json":{"title":"APAL \u2013 36 ANOS AO SERVI\u00c7O DA IND\u00daSTRIA DO ALUM\u00cdNIO E DO TRATAMENTO DE SUPERF\u00cdCIE - Apal","robots":{"index":"index","follow":"follow","max-snippet":"max-snippet:-1","max-image-preview":"max-image-preview:large","max-video-preview":"max-video-preview:-1"},"canonical":"https:\/\/apal.pt\/home\/apal-36-anos-ao-servico-da-industria-do-aluminio-e-do-tratamento-de-superficie\/","og_locale":"en_US","og_type":"article","og_title":"APAL \u2013 36 ANOS AO SERVI\u00c7O DA IND\u00daSTRIA DO ALUM\u00cdNIO E DO TRATAMENTO DE SUPERF\u00cdCIE - Apal","og_description":"T\u00edtulo do artigo publicado no N.\u00ba 51 da revista Met\u00e1lica de setembro de 2018, da autoria das Eng.as Margarida Casqueiro e Ros\u00e1rio Machado","og_url":"https:\/\/apal.pt\/home\/apal-36-anos-ao-servico-da-industria-do-aluminio-e-do-tratamento-de-superficie\/","og_site_name":"Apal","article_publisher":"https:\/\/www.facebook.com\/apaluminio\/?locale=pt_PT","article_published_time":"2021-11-01T02:31:52+00:00","article_modified_time":"2024-01-03T02:22:05+00:00","og_image":[{"width":408,"height":585,"url":"https:\/\/apal.pt\/home\/wp-content\/uploads\/2021\/11\/rsz_1capa_revista_metalica_no51.jpg","type":"image\/jpeg"}],"author":"admin","twitter_card":"summary_large_image","twitter_misc":{"Written by":"admin","Est. reading time":"2 minutes"},"schema":{"@context":"https:\/\/schema.org","@graph":[{"@type":"Article","@id":"https:\/\/apal.pt\/home\/apal-36-anos-ao-servico-da-industria-do-aluminio-e-do-tratamento-de-superficie\/#article","isPartOf":{"@id":"https:\/\/apal.pt\/home\/apal-36-anos-ao-servico-da-industria-do-aluminio-e-do-tratamento-de-superficie\/"},"author":{"name":"admin","@id":"https:\/\/apal.pt\/home\/#\/schema\/person\/c235da6bc3c8463b75e4f68b7003ae33"},"headline":"APAL \u2013 36 ANOS AO SERVI\u00c7O DA IND\u00daSTRIA DO ALUM\u00cdNIO E DO TRATAMENTO DE SUPERF\u00cdCIE","datePublished":"2021-11-01T02:31:52+00:00","dateModified":"2024-01-03T02:22:05+00:00","mainEntityOfPage":{"@id":"https:\/\/apal.pt\/home\/apal-36-anos-ao-servico-da-industria-do-aluminio-e-do-tratamento-de-superficie\/"},"wordCount":253,"publisher":{"@id":"https:\/\/apal.pt\/home\/#organization"},"image":{"@id":"https:\/\/apal.pt\/home\/apal-36-anos-ao-servico-da-industria-do-aluminio-e-do-tratamento-de-superficie\/#primaryimage"},"thumbnailUrl":"https:\/\/apal.pt\/home\/wp-content\/uploads\/2021\/11\/rsz_1capa_revista_metalica_no51.jpg","articleSection":["Not\u00edcias"],"inLanguage":"en-US"},{"@type":"WebPage","@id":"https:\/\/apal.pt\/home\/apal-36-anos-ao-servico-da-industria-do-aluminio-e-do-tratamento-de-superficie\/","url":"https:\/\/apal.pt\/home\/apal-36-anos-ao-servico-da-industria-do-aluminio-e-do-tratamento-de-superficie\/","name":"APAL \u2013 36 ANOS AO SERVI\u00c7O DA IND\u00daSTRIA DO ALUM\u00cdNIO E DO TRATAMENTO DE SUPERF\u00cdCIE - Apal","isPartOf":{"@id":"https:\/\/apal.pt\/home\/#website"},"primaryImageOfPage":{"@id":"https:\/\/apal.pt\/home\/apal-36-anos-ao-servico-da-industria-do-aluminio-e-do-tratamento-de-superficie\/#primaryimage"},"image":{"@id":"https:\/\/apal.pt\/home\/apal-36-anos-ao-servico-da-industria-do-aluminio-e-do-tratamento-de-superficie\/#primaryimage"},"thumbnailUrl":"https:\/\/apal.pt\/home\/wp-content\/uploads\/2021\/11\/rsz_1capa_revista_metalica_no51.jpg","datePublished":"2021-11-01T02:31:52+00:00","dateModified":"2024-01-03T02:22:05+00:00","breadcrumb":{"@id":"https:\/\/apal.pt\/home\/apal-36-anos-ao-servico-da-industria-do-aluminio-e-do-tratamento-de-superficie\/#breadcrumb"},"inLanguage":"en-US","potentialAction":[{"@type":"ReadAction","target":["https:\/\/apal.pt\/home\/apal-36-anos-ao-servico-da-industria-do-aluminio-e-do-tratamento-de-superficie\/"]}]},{"@type":"ImageObject","inLanguage":"en-US","@id":"https:\/\/apal.pt\/home\/apal-36-anos-ao-servico-da-industria-do-aluminio-e-do-tratamento-de-superficie\/#primaryimage","url":"https:\/\/apal.pt\/home\/wp-content\/uploads\/2021\/11\/rsz_1capa_revista_metalica_no51.jpg","contentUrl":"https:\/\/apal.pt\/home\/wp-content\/uploads\/2021\/11\/rsz_1capa_revista_metalica_no51.jpg","width":408,"height":585},{"@type":"BreadcrumbList","@id":"https:\/\/apal.pt\/home\/apal-36-anos-ao-servico-da-industria-do-aluminio-e-do-tratamento-de-superficie\/#breadcrumb","itemListElement":[{"@type":"ListItem","position":1,"name":"Home","item":"https:\/\/apal.pt\/home\/"},{"@type":"ListItem","position":2,"name":"APAL \u2013 36 ANOS AO SERVI\u00c7O DA IND\u00daSTRIA DO ALUM\u00cdNIO E DO TRATAMENTO DE SUPERF\u00cdCIE"}]},{"@type":"WebSite","@id":"https:\/\/apal.pt\/home\/#website","url":"https:\/\/apal.pt\/home\/","name":"Apal","description":"Associa\u00e7\u00e3o Portuguesa do Alum\u00ednio","publisher":{"@id":"https:\/\/apal.pt\/home\/#organization"},"potentialAction":[{"@type":"SearchAction","target":{"@type":"EntryPoint","urlTemplate":"https:\/\/apal.pt\/home\/?s={search_term_string}"},"query-input":{"@type":"PropertyValueSpecification","valueRequired":true,"valueName":"search_term_string"}}],"inLanguage":"en-US"},{"@type":"Organization","@id":"https:\/\/apal.pt\/home\/#organization","name":"Apal - Associa\u00e7\u00e3o Portuguesa do Alum\u00ednio","url":"https:\/\/apal.pt\/home\/","logo":{"@type":"ImageObject","inLanguage":"en-US","@id":"https:\/\/apal.pt\/home\/#\/schema\/logo\/image\/","url":"https:\/\/apal.pt\/home\/wp-content\/uploads\/2021\/10\/Apal_final_black.png","contentUrl":"https:\/\/apal.pt\/home\/wp-content\/uploads\/2021\/10\/Apal_final_black.png","width":2048,"height":1119,"caption":"Apal - Associa\u00e7\u00e3o Portuguesa do Alum\u00ednio"},"image":{"@id":"https:\/\/apal.pt\/home\/#\/schema\/logo\/image\/"},"sameAs":["https:\/\/www.facebook.com\/apaluminio\/?locale=pt_PT"]},{"@type":"Person","@id":"https:\/\/apal.pt\/home\/#\/schema\/person\/c235da6bc3c8463b75e4f68b7003ae33","name":"admin","image":{"@type":"ImageObject","inLanguage":"en-US","@id":"https:\/\/secure.gravatar.com\/avatar\/79693450e73a0687de7dfc33863383adc984d69816949931801e757aeebb0b8c?s=96&d=mm&r=g","url":"https:\/\/secure.gravatar.com\/avatar\/79693450e73a0687de7dfc33863383adc984d69816949931801e757aeebb0b8c?s=96&d=mm&r=g","contentUrl":"https:\/\/secure.gravatar.com\/avatar\/79693450e73a0687de7dfc33863383adc984d69816949931801e757aeebb0b8c?s=96&d=mm&r=g","caption":"admin"},"sameAs":["https:\/\/apal.pt\/home"],"url":"https:\/\/apal.pt\/home\/author\/admin\/"}]}},"menu_order":0,"_links":{"self":[{"href":"https:\/\/apal.pt\/home\/wp-json\/wp\/v2\/posts\/26051","targetHints":{"allow":["GET"]}}],"collection":[{"href":"https:\/\/apal.pt\/home\/wp-json\/wp\/v2\/posts"}],"about":[{"href":"https:\/\/apal.pt\/home\/wp-json\/wp\/v2\/types\/post"}],"author":[{"embeddable":true,"href":"https:\/\/apal.pt\/home\/wp-json\/wp\/v2\/users\/1"}],"replies":[{"embeddable":true,"href":"https:\/\/apal.pt\/home\/wp-json\/wp\/v2\/comments?post=26051"}],"version-history":[{"count":0,"href":"https:\/\/apal.pt\/home\/wp-json\/wp\/v2\/posts\/26051\/revisions"}],"wp:featuredmedia":[{"embeddable":true,"href":"https:\/\/apal.pt\/home\/wp-json\/wp\/v2\/media\/26053"}],"wp:attachment":[{"href":"https:\/\/apal.pt\/home\/wp-json\/wp\/v2\/media?parent=26051"}],"wp:term":[{"taxonomy":"category","embeddable":true,"href":"https:\/\/apal.pt\/home\/wp-json\/wp\/v2\/categories?post=26051"},{"taxonomy":"post_tag","embeddable":true,"href":"https:\/\/apal.pt\/home\/wp-json\/wp\/v2\/tags?post=26051"}],"curies":[{"name":"wp","href":"https:\/\/api.w.org\/{rel}","templated":true}]}}