{"id":26058,"date":"2021-11-01T02:36:34","date_gmt":"2021-11-01T02:36:34","guid":{"rendered":"http:\/\/apal.pt\/home\/?p=26058"},"modified":"2024-08-09T08:43:48","modified_gmt":"2024-08-09T08:43:48","slug":"qualisteelcoat-marca-de-qualidade-internacional-para-o-aco-lacado","status":"publish","type":"post","link":"https:\/\/apal.pt\/home\/qualisteelcoat-marca-de-qualidade-internacional-para-o-aco-lacado\/","title":{"rendered":"EXPOSI\u00c7\u00c3O INTERNACIONAL DO ALUM\u00cdNIO 2018 APRESENTAR\u00c1 SOLU\u00c7\u00d5ES PARA O SETOR AUTOMOBIL\u00cdSTICO"},"content":{"rendered":"\t\t<div data-elementor-type=\"wp-post\" data-elementor-id=\"26058\" class=\"elementor elementor-26058\" data-elementor-post-type=\"post\">\n\t\t\t\t\t\t<section class=\"elementor-section elementor-top-section elementor-element elementor-element-2d7957e elementor-section-boxed elementor-section-height-default elementor-section-height-default\" data-id=\"2d7957e\" data-element_type=\"section\" data-e-type=\"section\">\r\n\t\t\t\t\t\t<div class=\"elementor-container elementor-column-gap-thegem\"><div class=\"elementor-row\">\r\n\t\t\t\t\t<div class=\"elementor-column elementor-col-50 elementor-top-column elementor-element elementor-element-9e22989\" data-id=\"9e22989\" data-element_type=\"column\" data-e-type=\"column\">\n\t\t\t<div class=\"elementor-widget-wrap elementor-element-populated\">\n\t\t\t\t\t\t<div class=\"elementor-element elementor-element-b106b67 flex-horizontal-align-default flex-horizontal-align-tablet-default flex-horizontal-align-mobile-default flex-vertical-align-default flex-vertical-align-tablet-default flex-vertical-align-mobile-default elementor-widget elementor-widget-image\" data-id=\"b106b67\" data-element_type=\"widget\" data-e-type=\"widget\" data-widget_type=\"image.default\">\n\t\t\t\t<div class=\"elementor-widget-container\">\n\t\t\t\t\t\t\t\t\t\t\t\t\t\t\t<img width=\"800\" height=\"533\" src=\"https:\/\/apal.pt\/home\/wp-content\/uploads\/2021\/11\/rsz_imagem_release_1351350.jpg\" class=\"attachment-full size-full wp-image-26117\" alt=\"\" srcset=\"https:\/\/apal.pt\/home\/wp-content\/uploads\/2021\/11\/rsz_imagem_release_1351350.jpg 800w, https:\/\/apal.pt\/home\/wp-content\/uploads\/2021\/11\/rsz_imagem_release_1351350-300x200.jpg 300w, https:\/\/apal.pt\/home\/wp-content\/uploads\/2021\/11\/rsz_imagem_release_1351350-768x512.jpg 768w\" sizes=\"(max-width: 800px) 100vw, 800px\" \/>\t\t\t\t\t\t\t\t\t\t\t\t\t\t\t<\/div>\n\t\t\t\t<\/div>\n\t\t\t\t\t<\/div>\n\t\t<\/div>\n\t\t\t\t<div class=\"elementor-column elementor-col-50 elementor-top-column elementor-element elementor-element-a9542df\" data-id=\"a9542df\" data-element_type=\"column\" data-e-type=\"column\">\n\t\t\t<div class=\"elementor-widget-wrap elementor-element-populated\">\n\t\t\t\t\t\t<div class=\"elementor-element elementor-element-b35b4e6 elementor-widget__width-inherit flex-horizontal-align-default flex-horizontal-align-tablet-default flex-horizontal-align-mobile-default flex-vertical-align-default flex-vertical-align-tablet-default flex-vertical-align-mobile-default elementor-widget elementor-widget-text-editor\" data-id=\"b35b4e6\" data-element_type=\"widget\" data-e-type=\"widget\" data-widget_type=\"text-editor.default\">\n\t\t\t\t<div class=\"elementor-widget-container\">\n\t\t\t\t\t\t\t\t\t\t\t\t<div class=\"elementor-text-editor elementor-clearfix\">\r\n\t\t\t\t\t\t<p>Autom\u00f3veis fabricados com alum\u00ednio utilizam menos combust\u00edveis. A Exposi\u00e7\u00e3o Internacional do Alum\u00ednio 2018, a realizar-se em S\u00e3o Paulo (Brasil) entre 3 e 5 de Setembro 2018, apresentar\u00e1 solu\u00e7\u00f5es para o setor automobil\u00edstico e como conect\u00e1-las \u00e0 cadeia produtiva, reduzindo a emiss\u00e3o de poluentes.<\/p><p><strong>S\u00e3o Paulo, julho de 2018 \u2013<\/strong> O uso do alum\u00ednio permite reduzir em mais de 400 quilos o peso de um carro de tamanho m\u00e9dio. Com um ve\u00edculo mais leve, h\u00e1 uma economia significativa de combust\u00edvel, al\u00e9m de emitir menos poluentes e causar um menor desgaste de pneus e pe\u00e7as. Por isso, o principal evento da cadeia produtora do alum\u00ednio do Brasil, a ExpoAlum\u00ednio \u2013 Exposi\u00e7\u00e3o Internacional do Alum\u00ednio, tem um papel fundamental para o setor automobil\u00edstico: conectar fornecedores de toda a cadeia produtiva do alum\u00ednio ao setor automotivo e de transportes. O evento ser\u00e1 entre os dias 3 e 5 de setembro, no S\u00e3o Paulo Expo.<\/p>\t\t\t\t\t\t\t<\/div>\r\n\t\t\t\t\t\t\t\t\t\t<\/div>\n\t\t\t\t<\/div>\n\t\t\t\t\t<\/div>\n\t\t<\/div>\n\t\t\t\t\t<\/div><\/div>\r\n\t\t<\/section>\r\n\t\t\t\t<section class=\"elementor-section elementor-top-section elementor-element elementor-element-59d07f9 elementor-section-boxed elementor-section-height-default elementor-section-height-default\" data-id=\"59d07f9\" data-element_type=\"section\" data-e-type=\"section\">\r\n\t\t\t\t\t\t<div class=\"elementor-container elementor-column-gap-thegem\"><div class=\"elementor-row\">\r\n\t\t\t\t\t<div class=\"elementor-column elementor-col-100 elementor-top-column elementor-element elementor-element-b103e96\" data-id=\"b103e96\" data-element_type=\"column\" data-e-type=\"column\">\n\t\t\t<div class=\"elementor-widget-wrap elementor-element-populated\">\n\t\t\t\t\t\t<div class=\"elementor-element elementor-element-70d5378 flex-horizontal-align-default flex-horizontal-align-tablet-default flex-horizontal-align-mobile-default flex-vertical-align-default flex-vertical-align-tablet-default flex-vertical-align-mobile-default elementor-widget elementor-widget-text-editor\" data-id=\"70d5378\" data-element_type=\"widget\" data-e-type=\"widget\" data-widget_type=\"text-editor.default\">\n\t\t\t\t<div class=\"elementor-widget-container\">\n\t\t\t\t\t\t\t\t\t\t\t\t<div class=\"elementor-text-editor elementor-clearfix\">\r\n\t\t\t\t\t\t<p>\u201cDevido \u00e0s suas m\u00faltiplas aplica\u00e7\u00f5es e efici\u00eancia, o alum\u00ednio \u00e9 um produto em crescente demanda na ind\u00fastria de mobilidade. Identificamos a necessidade para o setor de se ter um evento como a ExpoAlum\u00ednio 2018, que cria conex\u00f5es assertivas que posteriormente se desdobrar\u00e3o em parcerias e novos neg\u00f3cios\u201d, aponta o diretor da ExpoAlum\u00ednio 2018, Leandro Lara.<\/p><p>Al\u00e9m de tornar os ve\u00edculos mais eficientes, outra grande vantagem do uso do alum\u00ednio no setor de transportes \u00e9 que o material pode ser reciclado infinitamente. Um estudo realizado pelo Centro para Recupera\u00e7\u00e3o e Reciclagem de Recursos do Instituto Polit\u00e9cnico de Worcester (WPI), em Massachusetts, nos Estados Unidos, constatou que 91% do alum\u00ednio presente nos autom\u00f3veis descartados no pa\u00eds s\u00e3o reciclados. O metal reciclado entra em um novo ciclo de vida na forma de rodas, para-choques e motores.<\/p><p>De acordo com a Associa\u00e7\u00e3o Brasileira do Alum\u00ednio \u2013 ABAL, o Brasil tamb\u00e9m tem um grande potencial para o aumento na reciclagem do alum\u00ednio utilizado nos autom\u00f3veis. O metal \u00e9 o principal produto reciclado no territ\u00f3rio nacional, com 602 mil toneladas s\u00f3 em 2015 \u2013 o \u00edndice de reciclagem de latas de alum\u00ednio para bebidas, por exemplo, chega a 98%.<\/p><p>\u201cO grande crescimento da utiliza\u00e7\u00e3o do material em carros produzidos no Brasil, principalmente nos motores, gera otimismo quanto \u00e0 implementa\u00e7\u00e3o de uma cadeia sustent\u00e1vel de produ\u00e7\u00e3o do metal para a ind\u00fastria automotiva, com efici\u00eancia semelhante ou maior que a dos Estados Unidos\u201d, enfatiza o presidente executivo da ABAL, Milton Rego.<\/p><p>A ExpoAlum\u00ednio \u00e9 uma vitrine tecnol\u00f3gica para o setor de alum\u00ednio com solu\u00e7\u00f5es integradas. O evento ser\u00e1 palco de inova\u00e7\u00f5es, experi\u00eancia e conte\u00fado destinados aos profissionais de toda a cadeia produtiva do alum\u00ednio, desde a bauxita \u00e0 reciclagem. S\u00e3o esperadas mais de 140 marcas nacionais e internacionais dos setores fornecedores da ind\u00fastria do alum\u00ednio. A perspectiva \u00e9 que mais de 10 mil visitantes passem pelo evento em tr\u00eas dias, provenientes de todas as regi\u00f5es do Brasil e de diversos pa\u00edses, principalmente da Am\u00e9rica do Sul.\u00a0<\/p><p><strong>Sinergia com setor da Mobilidade<\/strong><\/p><p>Por ser um dos segmentos respons\u00e1veis pelo crescimento no consumo dom\u00e9stico de produtos de alum\u00ednio, a ExpoAlum\u00ednio ocorrer\u00e1 em sinergia com o setor de Mobilidade, com a realiza\u00e7\u00e3o simult\u00e2nea do Congresso e Mostra Internacionais SAE BRASIL de Tecnologia da Mobilidade 2018. Em sua 27\u00aa edi\u00e7\u00e3o, esta \u00e9 a primeira vez que ser\u00e1 de forma integrada a um evento de outro setor.<\/p><p>Reunir o Congresso e Mostra Internacional SAE BRASIL de Tecnologia da Mobilidade e a ExpoAlum\u00ednio num mesmo espa\u00e7o, com mais de 10 mil metros quadrados, tamb\u00e9m refor\u00e7a o objetivo de compartilhar conhecimento e fomentar intera\u00e7\u00f5es diante de um cen\u00e1rio econ\u00f4mico que demonstra sinais de retomada, com proje\u00e7\u00f5es de crescimento que envolvem a ind\u00fastria do alum\u00ednio e os setores da Mobilidade.<\/p><p>Com isso, os visitantes ter\u00e3o acesso aos dois eventos ao longo dos tr\u00eas dias e a oportunidade de participar das atividades de conte\u00fado, visitando as exposi\u00e7\u00f5es tecnol\u00f3gicas que, juntas, apresentar\u00e3o mais de 200 marcas.<\/p><p><strong>Sobre a <a href=\"http:\/\/www.expoaluminio.com.br\/\" target=\"_blank\" rel=\"noopener\">ExpoAlum\u00ednio<\/a><\/strong><\/p><p>A ExpoAlum\u00ednio integra a comunidade global de eventos Aluminium: um portf\u00f3lio global de eventos do setor, que promove neg\u00f3cios e conte\u00fado para a ind\u00fastria do alum\u00ednio e seus profissionais ao redor do mundo. O grupo conta com seis eventos que ocorrem em seis pa\u00edses diferentes. Ao todo, os eventos espalhados pelo mundo re\u00fanem mais de 60 mil visitantes e tr\u00eas mil expositores.<\/p><p>No Brasil, a ExpoAlum\u00ednio \u00e9 realizada pela Associa\u00e7\u00e3o Brasileira do Alum\u00ednio \u2013 ABAL, tamb\u00e9m respons\u00e1vel pela curadoria do Congresso Internacional do Alum\u00ednio, e promovida pela Reed Exhibitions Alcantara Machado.\u00a0\u00a0<\/p><p><strong>Sobre a <a href=\"http:\/\/abal.org.br\/\" target=\"_blank\" rel=\"noopener\">ABAL<\/a><\/strong><\/p><p>F\u00f3rum leg\u00edtimo do setor, desde 1970, a Associa\u00e7\u00e3o Brasileira do Alum\u00ednio defende os interesses das empresas que atuam diretamente ou dependem da ind\u00fastria do alum\u00ednio. A entidade representa o setor junto ao governo e \u00e0 sociedade, al\u00e9m de participar de f\u00f3runs e eventos relacionados aos neg\u00f3cios de seus associados. Mant\u00e9m, ainda, parceria com federa\u00e7\u00f5es e outras associa\u00e7\u00f5es para ampliar o di\u00e1logo com toda a cadeia produtiva. Disseminadora de conhecimento, a ABAL responde pela elabora\u00e7\u00e3o das normas t\u00e9cnicas para processos e produtos da cadeia do alum\u00ednio, al\u00e9m de contribuir com a capacita\u00e7\u00e3o profissional por meio de cursos, palestras e semin\u00e1rios em diversas \u00e1reas. \u00c9 miss\u00e3o da entidade tornar a ind\u00fastria do alum\u00ednio mais s\u00f3lida, forte e competitiva.<\/p><p><strong>Sobre a SAE BRASIL<\/strong><\/p><p>A SAE BRASIL \u00e9 uma associa\u00e7\u00e3o sem fins lucrativos que congrega engenheiros, t\u00e9cnicos, executivos, acad\u00eamicos e estudantes de engenharia unidos pela miss\u00e3o de disseminar t\u00e9cnicas e conhecimentos relativos \u00e0 tecnologia da mobilidade nos modais: automotivo, aeroespacial, ferrovi\u00e1rio e naval.<\/p><p>A SAE BRASIL \u00e9 o resultado de uma trajet\u00f3ria de empreendedorismo, que teve in\u00edcio em 1991 quando executivos dos segmentos automotivo e aeroespacial, conscientes da necessidade de abrir as fronteiras do conhecimento para os profissionais brasileiros da mobilidade face ao processo de globaliza\u00e7\u00e3o, tiveram a iniciativa de criar no pa\u00eds uma afiliada da SAE International. Desde ent\u00e3o a SAE BRASIL tem experimentado extraordin\u00e1rio crescimento, totalizando mais de seis mil associados e dez se\u00e7\u00f5es regionais distribu\u00eddas desde o Nordeste at\u00e9 o extremo Sul do Brasil, constituindo-se hoje na mais importante sociedade de engenharia da mobilidade do Pa\u00eds.<\/p><p>A SAE BRASIL \u00e9 filiada \u00e0 SAE INTERNACIONAL, associa\u00e7\u00e3o com os mesmos fins e objetivos fundada em 1905, nos EUA, por l\u00edderes de grande vis\u00e3o da ind\u00fastria automotiva e da ent\u00e3o nascente ind\u00fastria aeron\u00e1utica, dentre os quais se destacam Henry Ford, Orville Wright e Thomas Edison, e tem se constitu\u00eddo ao longo de mais de um s\u00e9culo de exist\u00eancia em uma das principais fontes de normas, padr\u00f5es e conhecimento relativos ao setor automotivo e aeroespacial em todo o mundo, com mais de 35 mil normas geradas e mais de 138 mil s\u00f3cios distribu\u00eddos por cerca de 100 pa\u00edses.<\/p>\t\t\t\t\t\t\t<\/div>\r\n\t\t\t\t\t\t\t\t\t\t<\/div>\n\t\t\t\t<\/div>\n\t\t\t\t\t<\/div>\n\t\t<\/div>\n\t\t\t\t\t<\/div><\/div>\r\n\t\t<\/section>\r\n\t\t\t\t<section class=\"elementor-section elementor-top-section elementor-element elementor-element-44abdae elementor-section-boxed elementor-section-height-default elementor-section-height-default\" data-id=\"44abdae\" data-element_type=\"section\" data-e-type=\"section\">\r\n\t\t\t\t\t\t<div class=\"elementor-container elementor-column-gap-thegem\"><div class=\"elementor-row\">\r\n\t\t\t\t\t<div class=\"elementor-column elementor-col-100 elementor-top-column elementor-element elementor-element-815adea\" data-id=\"815adea\" data-element_type=\"column\" data-e-type=\"column\">\n\t\t\t<div class=\"elementor-widget-wrap elementor-element-populated\">\n\t\t\t\t\t\t<div class=\"elementor-element elementor-element-acd6413 flex-horizontal-align-default flex-horizontal-align-tablet-default flex-horizontal-align-mobile-default flex-vertical-align-default flex-vertical-align-tablet-default flex-vertical-align-mobile-default elementor-widget elementor-widget-image\" data-id=\"acd6413\" data-element_type=\"widget\" data-e-type=\"widget\" data-widget_type=\"image.default\">\n\t\t\t\t<div class=\"elementor-widget-container\">\n\t\t\t\t\t\t\t\t\t\t\t\t\t\t\t<img width=\"427\" height=\"118\" src=\"https:\/\/apal.pt\/home\/wp-content\/uploads\/2021\/11\/expoaluminio_2018.jpg\" class=\"attachment-full size-full wp-image-26116\" alt=\"\" srcset=\"https:\/\/apal.pt\/home\/wp-content\/uploads\/2021\/11\/expoaluminio_2018.jpg 427w, https:\/\/apal.pt\/home\/wp-content\/uploads\/2021\/11\/expoaluminio_2018-300x83.jpg 300w\" sizes=\"(max-width: 427px) 100vw, 427px\" \/>\t\t\t\t\t\t\t\t\t\t\t\t\t\t\t<\/div>\n\t\t\t\t<\/div>\n\t\t\t\t\t<\/div>\n\t\t<\/div>\n\t\t\t\t\t<\/div><\/div>\r\n\t\t<\/section>\r\n\t\t\t\t<\/div>\n\t\t","protected":false},"excerpt":{"rendered":"<p>Autom\u00f3veis fabricados com alum\u00ednio utilizam menos combust\u00edveis. A Exposi\u00e7\u00e3o Internacional do Alum\u00ednio 2018, a realizar-se em S\u00e3o Paulo (Brasil) entre 3 e 5 de Setembro 2018<\/p>\n","protected":false},"author":1,"featured_media":26117,"comment_status":"closed","ping_status":"closed","sticky":false,"template":"single-fullwidth.php","format":"standard","meta":{"footnotes":""},"categories":[109],"tags":[],"class_list":{"0":"post-26058","1":"post","2":"type-post","3":"status-publish","4":"format-standard","5":"has-post-thumbnail","7":"category-noticias"},"yoast_head":"<!-- This site is optimized with the Yoast SEO plugin v27.4 - https:\/\/yoast.com\/product\/yoast-seo-wordpress\/ -->\n<title>EXPOSI\u00c7\u00c3O INTERNACIONAL DO ALUM\u00cdNIO 2018 APRESENTAR\u00c1 SOLU\u00c7\u00d5ES PARA O SETOR AUTOMOBIL\u00cdSTICO - Apal<\/title>\n<meta name=\"robots\" content=\"index, follow, max-snippet:-1, max-image-preview:large, max-video-preview:-1\" \/>\n<link rel=\"canonical\" href=\"https:\/\/apal.pt\/home\/qualisteelcoat-marca-de-qualidade-internacional-para-o-aco-lacado\/\" \/>\n<meta property=\"og:locale\" content=\"en_US\" \/>\n<meta property=\"og:type\" content=\"article\" \/>\n<meta property=\"og:title\" content=\"EXPOSI\u00c7\u00c3O INTERNACIONAL DO ALUM\u00cdNIO 2018 APRESENTAR\u00c1 SOLU\u00c7\u00d5ES PARA O SETOR AUTOMOBIL\u00cdSTICO - Apal\" \/>\n<meta property=\"og:description\" content=\"Autom\u00f3veis fabricados com alum\u00ednio utilizam menos combust\u00edveis. A Exposi\u00e7\u00e3o Internacional do Alum\u00ednio 2018, a realizar-se em S\u00e3o Paulo (Brasil) entre 3 e 5 de Setembro 2018\" \/>\n<meta property=\"og:url\" content=\"https:\/\/apal.pt\/home\/qualisteelcoat-marca-de-qualidade-internacional-para-o-aco-lacado\/\" \/>\n<meta property=\"og:site_name\" content=\"Apal\" \/>\n<meta property=\"article:publisher\" content=\"https:\/\/www.facebook.com\/apaluminio\/?locale=pt_PT\" \/>\n<meta property=\"article:published_time\" content=\"2021-11-01T02:36:34+00:00\" \/>\n<meta property=\"article:modified_time\" content=\"2024-08-09T08:43:48+00:00\" \/>\n<meta property=\"og:image\" content=\"https:\/\/apal.pt\/home\/wp-content\/uploads\/2021\/11\/rsz_imagem_release_1351350.jpg\" \/>\n\t<meta property=\"og:image:width\" content=\"800\" \/>\n\t<meta property=\"og:image:height\" content=\"533\" \/>\n\t<meta property=\"og:image:type\" content=\"image\/jpeg\" \/>\n<meta name=\"author\" content=\"admin\" \/>\n<meta name=\"twitter:card\" content=\"summary_large_image\" \/>\n<meta name=\"twitter:label1\" content=\"Written by\" \/>\n\t<meta name=\"twitter:data1\" content=\"admin\" \/>\n\t<meta name=\"twitter:label2\" content=\"Est. reading time\" \/>\n\t<meta name=\"twitter:data2\" content=\"6 minutes\" \/>\n<script type=\"application\/ld+json\" class=\"yoast-schema-graph\">{\"@context\":\"https:\\\/\\\/schema.org\",\"@graph\":[{\"@type\":\"Article\",\"@id\":\"https:\\\/\\\/apal.pt\\\/home\\\/qualisteelcoat-marca-de-qualidade-internacional-para-o-aco-lacado\\\/#article\",\"isPartOf\":{\"@id\":\"https:\\\/\\\/apal.pt\\\/home\\\/qualisteelcoat-marca-de-qualidade-internacional-para-o-aco-lacado\\\/\"},\"author\":{\"name\":\"admin\",\"@id\":\"https:\\\/\\\/apal.pt\\\/home\\\/#\\\/schema\\\/person\\\/c235da6bc3c8463b75e4f68b7003ae33\"},\"headline\":\"EXPOSI\u00c7\u00c3O INTERNACIONAL DO ALUM\u00cdNIO 2018 APRESENTAR\u00c1 SOLU\u00c7\u00d5ES PARA O SETOR AUTOMOBIL\u00cdSTICO\",\"datePublished\":\"2021-11-01T02:36:34+00:00\",\"dateModified\":\"2024-08-09T08:43:48+00:00\",\"mainEntityOfPage\":{\"@id\":\"https:\\\/\\\/apal.pt\\\/home\\\/qualisteelcoat-marca-de-qualidade-internacional-para-o-aco-lacado\\\/\"},\"wordCount\":1218,\"publisher\":{\"@id\":\"https:\\\/\\\/apal.pt\\\/home\\\/#organization\"},\"image\":{\"@id\":\"https:\\\/\\\/apal.pt\\\/home\\\/qualisteelcoat-marca-de-qualidade-internacional-para-o-aco-lacado\\\/#primaryimage\"},\"thumbnailUrl\":\"https:\\\/\\\/apal.pt\\\/home\\\/wp-content\\\/uploads\\\/2021\\\/11\\\/rsz_imagem_release_1351350.jpg\",\"articleSection\":[\"Not\u00edcias\"],\"inLanguage\":\"en-US\"},{\"@type\":\"WebPage\",\"@id\":\"https:\\\/\\\/apal.pt\\\/home\\\/qualisteelcoat-marca-de-qualidade-internacional-para-o-aco-lacado\\\/\",\"url\":\"https:\\\/\\\/apal.pt\\\/home\\\/qualisteelcoat-marca-de-qualidade-internacional-para-o-aco-lacado\\\/\",\"name\":\"EXPOSI\u00c7\u00c3O INTERNACIONAL DO ALUM\u00cdNIO 2018 APRESENTAR\u00c1 SOLU\u00c7\u00d5ES PARA O SETOR AUTOMOBIL\u00cdSTICO - Apal\",\"isPartOf\":{\"@id\":\"https:\\\/\\\/apal.pt\\\/home\\\/#website\"},\"primaryImageOfPage\":{\"@id\":\"https:\\\/\\\/apal.pt\\\/home\\\/qualisteelcoat-marca-de-qualidade-internacional-para-o-aco-lacado\\\/#primaryimage\"},\"image\":{\"@id\":\"https:\\\/\\\/apal.pt\\\/home\\\/qualisteelcoat-marca-de-qualidade-internacional-para-o-aco-lacado\\\/#primaryimage\"},\"thumbnailUrl\":\"https:\\\/\\\/apal.pt\\\/home\\\/wp-content\\\/uploads\\\/2021\\\/11\\\/rsz_imagem_release_1351350.jpg\",\"datePublished\":\"2021-11-01T02:36:34+00:00\",\"dateModified\":\"2024-08-09T08:43:48+00:00\",\"breadcrumb\":{\"@id\":\"https:\\\/\\\/apal.pt\\\/home\\\/qualisteelcoat-marca-de-qualidade-internacional-para-o-aco-lacado\\\/#breadcrumb\"},\"inLanguage\":\"en-US\",\"potentialAction\":[{\"@type\":\"ReadAction\",\"target\":[\"https:\\\/\\\/apal.pt\\\/home\\\/qualisteelcoat-marca-de-qualidade-internacional-para-o-aco-lacado\\\/\"]}]},{\"@type\":\"ImageObject\",\"inLanguage\":\"en-US\",\"@id\":\"https:\\\/\\\/apal.pt\\\/home\\\/qualisteelcoat-marca-de-qualidade-internacional-para-o-aco-lacado\\\/#primaryimage\",\"url\":\"https:\\\/\\\/apal.pt\\\/home\\\/wp-content\\\/uploads\\\/2021\\\/11\\\/rsz_imagem_release_1351350.jpg\",\"contentUrl\":\"https:\\\/\\\/apal.pt\\\/home\\\/wp-content\\\/uploads\\\/2021\\\/11\\\/rsz_imagem_release_1351350.jpg\",\"width\":800,\"height\":533},{\"@type\":\"BreadcrumbList\",\"@id\":\"https:\\\/\\\/apal.pt\\\/home\\\/qualisteelcoat-marca-de-qualidade-internacional-para-o-aco-lacado\\\/#breadcrumb\",\"itemListElement\":[{\"@type\":\"ListItem\",\"position\":1,\"name\":\"Home\",\"item\":\"https:\\\/\\\/apal.pt\\\/home\\\/\"},{\"@type\":\"ListItem\",\"position\":2,\"name\":\"EXPOSI\u00c7\u00c3O INTERNACIONAL DO ALUM\u00cdNIO 2018 APRESENTAR\u00c1 SOLU\u00c7\u00d5ES PARA O SETOR AUTOMOBIL\u00cdSTICO\"}]},{\"@type\":\"WebSite\",\"@id\":\"https:\\\/\\\/apal.pt\\\/home\\\/#website\",\"url\":\"https:\\\/\\\/apal.pt\\\/home\\\/\",\"name\":\"Apal\",\"description\":\"Associa\u00e7\u00e3o Portuguesa do Alum\u00ednio\",\"publisher\":{\"@id\":\"https:\\\/\\\/apal.pt\\\/home\\\/#organization\"},\"potentialAction\":[{\"@type\":\"SearchAction\",\"target\":{\"@type\":\"EntryPoint\",\"urlTemplate\":\"https:\\\/\\\/apal.pt\\\/home\\\/?s={search_term_string}\"},\"query-input\":{\"@type\":\"PropertyValueSpecification\",\"valueRequired\":true,\"valueName\":\"search_term_string\"}}],\"inLanguage\":\"en-US\"},{\"@type\":\"Organization\",\"@id\":\"https:\\\/\\\/apal.pt\\\/home\\\/#organization\",\"name\":\"Apal - Associa\u00e7\u00e3o Portuguesa do Alum\u00ednio\",\"url\":\"https:\\\/\\\/apal.pt\\\/home\\\/\",\"logo\":{\"@type\":\"ImageObject\",\"inLanguage\":\"en-US\",\"@id\":\"https:\\\/\\\/apal.pt\\\/home\\\/#\\\/schema\\\/logo\\\/image\\\/\",\"url\":\"https:\\\/\\\/apal.pt\\\/home\\\/wp-content\\\/uploads\\\/2021\\\/10\\\/Apal_final_black.png\",\"contentUrl\":\"https:\\\/\\\/apal.pt\\\/home\\\/wp-content\\\/uploads\\\/2021\\\/10\\\/Apal_final_black.png\",\"width\":2048,\"height\":1119,\"caption\":\"Apal - Associa\u00e7\u00e3o Portuguesa do Alum\u00ednio\"},\"image\":{\"@id\":\"https:\\\/\\\/apal.pt\\\/home\\\/#\\\/schema\\\/logo\\\/image\\\/\"},\"sameAs\":[\"https:\\\/\\\/www.facebook.com\\\/apaluminio\\\/?locale=pt_PT\"]},{\"@type\":\"Person\",\"@id\":\"https:\\\/\\\/apal.pt\\\/home\\\/#\\\/schema\\\/person\\\/c235da6bc3c8463b75e4f68b7003ae33\",\"name\":\"admin\",\"image\":{\"@type\":\"ImageObject\",\"inLanguage\":\"en-US\",\"@id\":\"https:\\\/\\\/secure.gravatar.com\\\/avatar\\\/79693450e73a0687de7dfc33863383adc984d69816949931801e757aeebb0b8c?s=96&d=mm&r=g\",\"url\":\"https:\\\/\\\/secure.gravatar.com\\\/avatar\\\/79693450e73a0687de7dfc33863383adc984d69816949931801e757aeebb0b8c?s=96&d=mm&r=g\",\"contentUrl\":\"https:\\\/\\\/secure.gravatar.com\\\/avatar\\\/79693450e73a0687de7dfc33863383adc984d69816949931801e757aeebb0b8c?s=96&d=mm&r=g\",\"caption\":\"admin\"},\"sameAs\":[\"https:\\\/\\\/apal.pt\\\/home\"],\"url\":\"https:\\\/\\\/apal.pt\\\/home\\\/author\\\/admin\\\/\"}]}<\/script>\n<!-- \/ Yoast SEO plugin. -->","yoast_head_json":{"title":"EXPOSI\u00c7\u00c3O INTERNACIONAL DO ALUM\u00cdNIO 2018 APRESENTAR\u00c1 SOLU\u00c7\u00d5ES PARA O SETOR AUTOMOBIL\u00cdSTICO - Apal","robots":{"index":"index","follow":"follow","max-snippet":"max-snippet:-1","max-image-preview":"max-image-preview:large","max-video-preview":"max-video-preview:-1"},"canonical":"https:\/\/apal.pt\/home\/qualisteelcoat-marca-de-qualidade-internacional-para-o-aco-lacado\/","og_locale":"en_US","og_type":"article","og_title":"EXPOSI\u00c7\u00c3O INTERNACIONAL DO ALUM\u00cdNIO 2018 APRESENTAR\u00c1 SOLU\u00c7\u00d5ES PARA O SETOR AUTOMOBIL\u00cdSTICO - Apal","og_description":"Autom\u00f3veis fabricados com alum\u00ednio utilizam menos combust\u00edveis. A Exposi\u00e7\u00e3o Internacional do Alum\u00ednio 2018, a realizar-se em S\u00e3o Paulo (Brasil) entre 3 e 5 de Setembro 2018","og_url":"https:\/\/apal.pt\/home\/qualisteelcoat-marca-de-qualidade-internacional-para-o-aco-lacado\/","og_site_name":"Apal","article_publisher":"https:\/\/www.facebook.com\/apaluminio\/?locale=pt_PT","article_published_time":"2021-11-01T02:36:34+00:00","article_modified_time":"2024-08-09T08:43:48+00:00","og_image":[{"width":800,"height":533,"url":"https:\/\/apal.pt\/home\/wp-content\/uploads\/2021\/11\/rsz_imagem_release_1351350.jpg","type":"image\/jpeg"}],"author":"admin","twitter_card":"summary_large_image","twitter_misc":{"Written by":"admin","Est. reading time":"6 minutes"},"schema":{"@context":"https:\/\/schema.org","@graph":[{"@type":"Article","@id":"https:\/\/apal.pt\/home\/qualisteelcoat-marca-de-qualidade-internacional-para-o-aco-lacado\/#article","isPartOf":{"@id":"https:\/\/apal.pt\/home\/qualisteelcoat-marca-de-qualidade-internacional-para-o-aco-lacado\/"},"author":{"name":"admin","@id":"https:\/\/apal.pt\/home\/#\/schema\/person\/c235da6bc3c8463b75e4f68b7003ae33"},"headline":"EXPOSI\u00c7\u00c3O INTERNACIONAL DO ALUM\u00cdNIO 2018 APRESENTAR\u00c1 SOLU\u00c7\u00d5ES PARA O SETOR AUTOMOBIL\u00cdSTICO","datePublished":"2021-11-01T02:36:34+00:00","dateModified":"2024-08-09T08:43:48+00:00","mainEntityOfPage":{"@id":"https:\/\/apal.pt\/home\/qualisteelcoat-marca-de-qualidade-internacional-para-o-aco-lacado\/"},"wordCount":1218,"publisher":{"@id":"https:\/\/apal.pt\/home\/#organization"},"image":{"@id":"https:\/\/apal.pt\/home\/qualisteelcoat-marca-de-qualidade-internacional-para-o-aco-lacado\/#primaryimage"},"thumbnailUrl":"https:\/\/apal.pt\/home\/wp-content\/uploads\/2021\/11\/rsz_imagem_release_1351350.jpg","articleSection":["Not\u00edcias"],"inLanguage":"en-US"},{"@type":"WebPage","@id":"https:\/\/apal.pt\/home\/qualisteelcoat-marca-de-qualidade-internacional-para-o-aco-lacado\/","url":"https:\/\/apal.pt\/home\/qualisteelcoat-marca-de-qualidade-internacional-para-o-aco-lacado\/","name":"EXPOSI\u00c7\u00c3O INTERNACIONAL DO ALUM\u00cdNIO 2018 APRESENTAR\u00c1 SOLU\u00c7\u00d5ES PARA O SETOR AUTOMOBIL\u00cdSTICO - Apal","isPartOf":{"@id":"https:\/\/apal.pt\/home\/#website"},"primaryImageOfPage":{"@id":"https:\/\/apal.pt\/home\/qualisteelcoat-marca-de-qualidade-internacional-para-o-aco-lacado\/#primaryimage"},"image":{"@id":"https:\/\/apal.pt\/home\/qualisteelcoat-marca-de-qualidade-internacional-para-o-aco-lacado\/#primaryimage"},"thumbnailUrl":"https:\/\/apal.pt\/home\/wp-content\/uploads\/2021\/11\/rsz_imagem_release_1351350.jpg","datePublished":"2021-11-01T02:36:34+00:00","dateModified":"2024-08-09T08:43:48+00:00","breadcrumb":{"@id":"https:\/\/apal.pt\/home\/qualisteelcoat-marca-de-qualidade-internacional-para-o-aco-lacado\/#breadcrumb"},"inLanguage":"en-US","potentialAction":[{"@type":"ReadAction","target":["https:\/\/apal.pt\/home\/qualisteelcoat-marca-de-qualidade-internacional-para-o-aco-lacado\/"]}]},{"@type":"ImageObject","inLanguage":"en-US","@id":"https:\/\/apal.pt\/home\/qualisteelcoat-marca-de-qualidade-internacional-para-o-aco-lacado\/#primaryimage","url":"https:\/\/apal.pt\/home\/wp-content\/uploads\/2021\/11\/rsz_imagem_release_1351350.jpg","contentUrl":"https:\/\/apal.pt\/home\/wp-content\/uploads\/2021\/11\/rsz_imagem_release_1351350.jpg","width":800,"height":533},{"@type":"BreadcrumbList","@id":"https:\/\/apal.pt\/home\/qualisteelcoat-marca-de-qualidade-internacional-para-o-aco-lacado\/#breadcrumb","itemListElement":[{"@type":"ListItem","position":1,"name":"Home","item":"https:\/\/apal.pt\/home\/"},{"@type":"ListItem","position":2,"name":"EXPOSI\u00c7\u00c3O INTERNACIONAL DO ALUM\u00cdNIO 2018 APRESENTAR\u00c1 SOLU\u00c7\u00d5ES PARA O SETOR AUTOMOBIL\u00cdSTICO"}]},{"@type":"WebSite","@id":"https:\/\/apal.pt\/home\/#website","url":"https:\/\/apal.pt\/home\/","name":"Apal","description":"Associa\u00e7\u00e3o Portuguesa do Alum\u00ednio","publisher":{"@id":"https:\/\/apal.pt\/home\/#organization"},"potentialAction":[{"@type":"SearchAction","target":{"@type":"EntryPoint","urlTemplate":"https:\/\/apal.pt\/home\/?s={search_term_string}"},"query-input":{"@type":"PropertyValueSpecification","valueRequired":true,"valueName":"search_term_string"}}],"inLanguage":"en-US"},{"@type":"Organization","@id":"https:\/\/apal.pt\/home\/#organization","name":"Apal - Associa\u00e7\u00e3o Portuguesa do Alum\u00ednio","url":"https:\/\/apal.pt\/home\/","logo":{"@type":"ImageObject","inLanguage":"en-US","@id":"https:\/\/apal.pt\/home\/#\/schema\/logo\/image\/","url":"https:\/\/apal.pt\/home\/wp-content\/uploads\/2021\/10\/Apal_final_black.png","contentUrl":"https:\/\/apal.pt\/home\/wp-content\/uploads\/2021\/10\/Apal_final_black.png","width":2048,"height":1119,"caption":"Apal - Associa\u00e7\u00e3o Portuguesa do Alum\u00ednio"},"image":{"@id":"https:\/\/apal.pt\/home\/#\/schema\/logo\/image\/"},"sameAs":["https:\/\/www.facebook.com\/apaluminio\/?locale=pt_PT"]},{"@type":"Person","@id":"https:\/\/apal.pt\/home\/#\/schema\/person\/c235da6bc3c8463b75e4f68b7003ae33","name":"admin","image":{"@type":"ImageObject","inLanguage":"en-US","@id":"https:\/\/secure.gravatar.com\/avatar\/79693450e73a0687de7dfc33863383adc984d69816949931801e757aeebb0b8c?s=96&d=mm&r=g","url":"https:\/\/secure.gravatar.com\/avatar\/79693450e73a0687de7dfc33863383adc984d69816949931801e757aeebb0b8c?s=96&d=mm&r=g","contentUrl":"https:\/\/secure.gravatar.com\/avatar\/79693450e73a0687de7dfc33863383adc984d69816949931801e757aeebb0b8c?s=96&d=mm&r=g","caption":"admin"},"sameAs":["https:\/\/apal.pt\/home"],"url":"https:\/\/apal.pt\/home\/author\/admin\/"}]}},"menu_order":0,"_links":{"self":[{"href":"https:\/\/apal.pt\/home\/wp-json\/wp\/v2\/posts\/26058","targetHints":{"allow":["GET"]}}],"collection":[{"href":"https:\/\/apal.pt\/home\/wp-json\/wp\/v2\/posts"}],"about":[{"href":"https:\/\/apal.pt\/home\/wp-json\/wp\/v2\/types\/post"}],"author":[{"embeddable":true,"href":"https:\/\/apal.pt\/home\/wp-json\/wp\/v2\/users\/1"}],"replies":[{"embeddable":true,"href":"https:\/\/apal.pt\/home\/wp-json\/wp\/v2\/comments?post=26058"}],"version-history":[{"count":0,"href":"https:\/\/apal.pt\/home\/wp-json\/wp\/v2\/posts\/26058\/revisions"}],"wp:featuredmedia":[{"embeddable":true,"href":"https:\/\/apal.pt\/home\/wp-json\/wp\/v2\/media\/26117"}],"wp:attachment":[{"href":"https:\/\/apal.pt\/home\/wp-json\/wp\/v2\/media?parent=26058"}],"wp:term":[{"taxonomy":"category","embeddable":true,"href":"https:\/\/apal.pt\/home\/wp-json\/wp\/v2\/categories?post=26058"},{"taxonomy":"post_tag","embeddable":true,"href":"https:\/\/apal.pt\/home\/wp-json\/wp\/v2\/tags?post=26058"}],"curies":[{"name":"wp","href":"https:\/\/api.w.org\/{rel}","templated":true}]}}