{"id":27065,"date":"2021-12-07T01:26:29","date_gmt":"2021-12-07T01:26:29","guid":{"rendered":"http:\/\/apal.pt\/home\/?p=27065"},"modified":"2023-05-05T12:48:34","modified_gmt":"2023-05-05T12:48:34","slug":"a-industria-de-perfis-de-aluminio-e-a-sustentabilidade-ambiental","status":"publish","type":"post","link":"https:\/\/apal.pt\/home\/a-industria-de-perfis-de-aluminio-e-a-sustentabilidade-ambiental\/","title":{"rendered":"A IND\u00daSTRIA DE PERFIS DE ALUM\u00cdNIO E A SUSTENTABILIDADE AMBIENTAL"},"content":{"rendered":"\t\t<div data-elementor-type=\"wp-post\" data-elementor-id=\"27065\" class=\"elementor elementor-27065\" data-elementor-post-type=\"post\">\n\t\t\t\t\t\t<section class=\"elementor-section elementor-top-section elementor-element elementor-element-409f9638 elementor-section-stretched elementor-section-boxed elementor-section-height-default elementor-section-height-default\" data-id=\"409f9638\" data-element_type=\"section\" data-e-type=\"section\" data-settings=\"{&quot;background_background&quot;:&quot;classic&quot;,&quot;stretch_section&quot;:&quot;section-stretched&quot;}\">\r\n\t\t\t\t\t\t<div class=\"elementor-container elementor-column-gap-thegem\"><div class=\"elementor-row\">\r\n\t\t\t\t\t<div class=\"elementor-column elementor-col-100 elementor-top-column elementor-element elementor-element-5b2e150c\" data-id=\"5b2e150c\" data-element_type=\"column\" data-e-type=\"column\">\n\t\t\t<div class=\"elementor-widget-wrap\">\n\t\t\t\t\t\t\t<\/div>\n\t\t<\/div>\n\t\t\t\t\t<\/div><\/div>\r\n\t\t<\/section>\r\n\t\t\t\t<section class=\"elementor-section elementor-top-section elementor-element elementor-element-368d2e9 elementor-section-boxed elementor-section-height-default elementor-section-height-default\" data-id=\"368d2e9\" data-element_type=\"section\" data-e-type=\"section\">\r\n\t\t\t\t\t\t<div class=\"elementor-container elementor-column-gap-thegem\"><div class=\"elementor-row\">\r\n\t\t\t\t\t<div class=\"elementor-column elementor-col-100 elementor-top-column elementor-element elementor-element-788cc5f9\" data-id=\"788cc5f9\" data-element_type=\"column\" data-e-type=\"column\">\n\t\t\t<div class=\"elementor-widget-wrap elementor-element-populated\">\n\t\t\t\t\t\t<div class=\"elementor-element elementor-element-6ce3f6b2 flex-horizontal-align-default flex-horizontal-align-tablet-default flex-horizontal-align-mobile-default flex-vertical-align-default flex-vertical-align-tablet-default flex-vertical-align-mobile-default elementor-widget elementor-widget-heading\" data-id=\"6ce3f6b2\" data-element_type=\"widget\" data-e-type=\"widget\" data-widget_type=\"heading.default\">\n\t\t\t\t<div class=\"elementor-widget-container\">\n\t\t\t\t\t<div class=\"title-h2 elementor-heading-title elementor-size-default\">A IND\u00daSTRIA DE PERFIS DE ALUM\u00cdNIO E A SUSTENTABILIDADE AMBIENTAL<\/div>\t\t\t\t<\/div>\n\t\t\t\t<\/div>\n\t\t\t\t<div class=\"elementor-element elementor-element-3f4a17be flex-horizontal-align-default flex-horizontal-align-tablet-default flex-horizontal-align-mobile-default flex-vertical-align-default flex-vertical-align-tablet-default flex-vertical-align-mobile-default elementor-widget elementor-widget-text-editor\" data-id=\"3f4a17be\" data-element_type=\"widget\" data-e-type=\"widget\" data-widget_type=\"text-editor.default\">\n\t\t\t\t<div class=\"elementor-widget-container\">\n\t\t\t\t\t\t\t\t\t\t\t\t<div class=\"elementor-text-editor elementor-clearfix\">\r\n\t\t\t\t\t\t<p>A 28 de Fevereiro de 2012 a APAL organizou em Aveiro o Semin\u00e1rio \u201cA IND\u00daSTRIA DE PERFIS DE ALUM\u00cdNIO E A SUSTENTABILIDADE AMBIENTAL\u201d. Este semin\u00e1rio teve como objectivo clarificar, junto dos seus associados, os conceitos subjacentes aos diferentes indicadores ambientais, e de que modo traduzem os impactes do sector de produ\u00e7\u00e3o de perfis de alum\u00ednio, desde a extrac\u00e7\u00e3o e refina\u00e7\u00e3o da mat\u00e9ria-prima, n\u00e3o existente em Portugal, passando pelas etapas de produ\u00e7\u00e3o existentes no pa\u00eds, at\u00e9 \u00e0 reciclagem de perfis. <br \/>Contou com a participa\u00e7\u00e3o de oradores especialistas em gest\u00e3o ambiental (U.N.L), em aplica\u00e7\u00e3o de sistemas de gest\u00e3o ambiental no sector da constru\u00e7\u00e3o (Centro Tecnol\u00f3gico de Cer\u00e2mica e Vidro), da avalia\u00e7\u00e3o de impactes ambientais de processos metal\u00fargicos (Faculdade de Engenharia da Universidade do Porto), em impactes ambientais no sector do alum\u00ednio (European Aluminium Association), em impactes ambientais no sector dos tratamentos de superf\u00edcie (DSM) e na experi\u00eancia nestes temas no Brasil (ABAL &#8211; Associa\u00e7\u00e3o Brasileira de Alum\u00ednio).<\/p><ul><li><a href=\"http:\/\/apal.pt\/pdf\/seminario_20120228.pdf\" target=\"blank\">Programa<\/a>\u00a0(PDF &#8211; 228 KB)<\/li><li><a href=\"http:\/\/apal.pt\/pdf\/1_Sustentabilidade_Aluminio_Paula_Antunes_UNL.pdf\" target=\"blank\">Avalia\u00e7\u00e3o da sustentabilidade de tecnologias \u2013 abordagens e indicadores<\/a>\u00a0(PDF &#8211; 1.22 MB)<br \/>Paula Antunes (UNL)<\/li><li><a href=\"http:\/\/apal.pt\/pdf\/2_Denominacao_Ambiental_Produto_Marisa_Almeida_CTCV.pdf\" target=\"blank\">Declara\u00e7\u00f5es Ambientais de Produto<\/a>\u00a0(PDF &#8211; 1.88 MB)<br \/>Marisa Almeida (CTCV)<\/li><li><a href=\"http:\/\/apal.pt\/pdf\/3_Avaliacao_Ambiental_no_Sector_Metalurgico_Belmira_Neto_FEUP.pdf\" target=\"blank\">Avalia\u00e7\u00e3o Ambiental no Sector Metal\u00fargico<\/a>\u00a0(PDF &#8211; 1.95 MB)<br \/>Belmira Neto (FEUP)<\/li><li><a href=\"http:\/\/apal.pt\/pdf\/4_Environmental_indicators_for_Aluminium_Products_Ana_Maria_Danila_EAA.pdf\" target=\"blank\">Environmental indicators for aluminium products<\/a>\u00a0(PDF &#8211; 1.29 MB)<br \/>Ana Maria Danila (EAA)<\/li><li><a href=\"http:\/\/apal.pt\/pdf\/5_Carbon_Footprint_Study_for_Industrial_Coatings_Jean_Paul_Van_Bregt_DSM.pdf\" target=\"blank\">Carbon Footprint Study for Industrial Coatings<\/a>\u00a0(PDF &#8211; 3.78 MB)<br \/>Jean-Paul Van Bregt (DSM)<\/li><li><a href=\"http:\/\/apal.pt\/pdf\/6_Extrusao_de_Aluminio_Desafios_e_Sustentabilidade_Ayrton_Filleti_ABAL.pdf\" target=\"blank\">Extrus\u00e3o de Alum\u00ednio: Desafios e Sustentabilidade<\/a>\u00a0(PDF &#8211; 5.41 MB)<br \/>Ayrton Filleti (ABAL)<\/li><\/ul>\t\t\t\t\t\t\t<\/div>\r\n\t\t\t\t\t\t\t\t\t\t<\/div>\n\t\t\t\t<\/div>\n\t\t\t\t\t<\/div>\n\t\t<\/div>\n\t\t\t\t\t<\/div><\/div>\r\n\t\t<\/section>\r\n\t\t\t\t<\/div>\n\t\t","protected":false},"excerpt":{"rendered":"<p>A IND\u00daSTRIA DE PERFIS DE ALUM\u00cdNIO E A SUSTENTABILIDADE AMBIENTAL A 28 de Fevereiro de 2012 a APAL organizou em&#8230;<\/p>\n","protected":false},"author":1,"featured_media":25646,"comment_status":"closed","ping_status":"open","sticky":false,"template":"","format":"standard","meta":{"footnotes":""},"categories":[107],"tags":[],"class_list":{"0":"post-27065","1":"post","2":"type-post","3":"status-publish","4":"format-standard","5":"has-post-thumbnail","7":"category-eventos-eventos"},"yoast_head":"<!-- This site is optimized with the Yoast SEO plugin v27.4 - https:\/\/yoast.com\/product\/yoast-seo-wordpress\/ -->\n<title>A IND\u00daSTRIA DE PERFIS DE ALUM\u00cdNIO E A SUSTENTABILIDADE AMBIENTAL - Apal<\/title>\n<meta name=\"robots\" content=\"index, follow, max-snippet:-1, max-image-preview:large, max-video-preview:-1\" \/>\n<link rel=\"canonical\" href=\"https:\/\/apal.pt\/home\/a-industria-de-perfis-de-aluminio-e-a-sustentabilidade-ambiental\/\" \/>\n<meta property=\"og:locale\" content=\"en_US\" \/>\n<meta property=\"og:type\" content=\"article\" \/>\n<meta property=\"og:title\" content=\"A IND\u00daSTRIA DE PERFIS DE ALUM\u00cdNIO E A SUSTENTABILIDADE AMBIENTAL - Apal\" \/>\n<meta property=\"og:description\" content=\"A IND\u00daSTRIA DE PERFIS DE ALUM\u00cdNIO E A SUSTENTABILIDADE AMBIENTAL A 28 de Fevereiro de 2012 a APAL organizou em...\" \/>\n<meta property=\"og:url\" content=\"https:\/\/apal.pt\/home\/a-industria-de-perfis-de-aluminio-e-a-sustentabilidade-ambiental\/\" \/>\n<meta property=\"og:site_name\" content=\"Apal\" \/>\n<meta property=\"article:publisher\" content=\"https:\/\/www.facebook.com\/apaluminio\/?locale=pt_PT\" \/>\n<meta property=\"article:published_time\" content=\"2021-12-07T01:26:29+00:00\" \/>\n<meta property=\"article:modified_time\" content=\"2023-05-05T12:48:34+00:00\" \/>\n<meta property=\"og:image\" content=\"https:\/\/apal.pt\/home\/wp-content\/uploads\/2021\/10\/360117_operations38-scaled.jpg\" \/>\n\t<meta property=\"og:image:width\" content=\"2560\" \/>\n\t<meta property=\"og:image:height\" content=\"1733\" \/>\n\t<meta property=\"og:image:type\" content=\"image\/jpeg\" \/>\n<meta name=\"author\" content=\"admin\" \/>\n<meta name=\"twitter:card\" content=\"summary_large_image\" \/>\n<meta name=\"twitter:label1\" content=\"Written by\" \/>\n\t<meta name=\"twitter:data1\" content=\"admin\" \/>\n\t<meta name=\"twitter:label2\" content=\"Est. reading time\" \/>\n\t<meta name=\"twitter:data2\" content=\"2 minutes\" \/>\n<script type=\"application\/ld+json\" class=\"yoast-schema-graph\">{\"@context\":\"https:\\\/\\\/schema.org\",\"@graph\":[{\"@type\":\"Article\",\"@id\":\"https:\\\/\\\/apal.pt\\\/home\\\/a-industria-de-perfis-de-aluminio-e-a-sustentabilidade-ambiental\\\/#article\",\"isPartOf\":{\"@id\":\"https:\\\/\\\/apal.pt\\\/home\\\/a-industria-de-perfis-de-aluminio-e-a-sustentabilidade-ambiental\\\/\"},\"author\":{\"name\":\"admin\",\"@id\":\"https:\\\/\\\/apal.pt\\\/home\\\/#\\\/schema\\\/person\\\/c235da6bc3c8463b75e4f68b7003ae33\"},\"headline\":\"A IND\u00daSTRIA DE PERFIS DE ALUM\u00cdNIO E A SUSTENTABILIDADE AMBIENTAL\",\"datePublished\":\"2021-12-07T01:26:29+00:00\",\"dateModified\":\"2023-05-05T12:48:34+00:00\",\"mainEntityOfPage\":{\"@id\":\"https:\\\/\\\/apal.pt\\\/home\\\/a-industria-de-perfis-de-aluminio-e-a-sustentabilidade-ambiental\\\/\"},\"wordCount\":293,\"publisher\":{\"@id\":\"https:\\\/\\\/apal.pt\\\/home\\\/#organization\"},\"image\":{\"@id\":\"https:\\\/\\\/apal.pt\\\/home\\\/a-industria-de-perfis-de-aluminio-e-a-sustentabilidade-ambiental\\\/#primaryimage\"},\"thumbnailUrl\":\"https:\\\/\\\/apal.pt\\\/home\\\/wp-content\\\/uploads\\\/2021\\\/10\\\/360117_operations38-scaled.jpg\",\"articleSection\":[\"Eventos Apal\"],\"inLanguage\":\"en-US\"},{\"@type\":\"WebPage\",\"@id\":\"https:\\\/\\\/apal.pt\\\/home\\\/a-industria-de-perfis-de-aluminio-e-a-sustentabilidade-ambiental\\\/\",\"url\":\"https:\\\/\\\/apal.pt\\\/home\\\/a-industria-de-perfis-de-aluminio-e-a-sustentabilidade-ambiental\\\/\",\"name\":\"A IND\u00daSTRIA DE PERFIS DE ALUM\u00cdNIO E A SUSTENTABILIDADE AMBIENTAL - Apal\",\"isPartOf\":{\"@id\":\"https:\\\/\\\/apal.pt\\\/home\\\/#website\"},\"primaryImageOfPage\":{\"@id\":\"https:\\\/\\\/apal.pt\\\/home\\\/a-industria-de-perfis-de-aluminio-e-a-sustentabilidade-ambiental\\\/#primaryimage\"},\"image\":{\"@id\":\"https:\\\/\\\/apal.pt\\\/home\\\/a-industria-de-perfis-de-aluminio-e-a-sustentabilidade-ambiental\\\/#primaryimage\"},\"thumbnailUrl\":\"https:\\\/\\\/apal.pt\\\/home\\\/wp-content\\\/uploads\\\/2021\\\/10\\\/360117_operations38-scaled.jpg\",\"datePublished\":\"2021-12-07T01:26:29+00:00\",\"dateModified\":\"2023-05-05T12:48:34+00:00\",\"breadcrumb\":{\"@id\":\"https:\\\/\\\/apal.pt\\\/home\\\/a-industria-de-perfis-de-aluminio-e-a-sustentabilidade-ambiental\\\/#breadcrumb\"},\"inLanguage\":\"en-US\",\"potentialAction\":[{\"@type\":\"ReadAction\",\"target\":[\"https:\\\/\\\/apal.pt\\\/home\\\/a-industria-de-perfis-de-aluminio-e-a-sustentabilidade-ambiental\\\/\"]}]},{\"@type\":\"ImageObject\",\"inLanguage\":\"en-US\",\"@id\":\"https:\\\/\\\/apal.pt\\\/home\\\/a-industria-de-perfis-de-aluminio-e-a-sustentabilidade-ambiental\\\/#primaryimage\",\"url\":\"https:\\\/\\\/apal.pt\\\/home\\\/wp-content\\\/uploads\\\/2021\\\/10\\\/360117_operations38-scaled.jpg\",\"contentUrl\":\"https:\\\/\\\/apal.pt\\\/home\\\/wp-content\\\/uploads\\\/2021\\\/10\\\/360117_operations38-scaled.jpg\",\"width\":2048,\"height\":1386,\"caption\":\"Photo shoot at Phoenix plant, February 2012\"},{\"@type\":\"BreadcrumbList\",\"@id\":\"https:\\\/\\\/apal.pt\\\/home\\\/a-industria-de-perfis-de-aluminio-e-a-sustentabilidade-ambiental\\\/#breadcrumb\",\"itemListElement\":[{\"@type\":\"ListItem\",\"position\":1,\"name\":\"Home\",\"item\":\"https:\\\/\\\/apal.pt\\\/home\\\/\"},{\"@type\":\"ListItem\",\"position\":2,\"name\":\"A IND\u00daSTRIA DE PERFIS DE ALUM\u00cdNIO E A SUSTENTABILIDADE AMBIENTAL\"}]},{\"@type\":\"WebSite\",\"@id\":\"https:\\\/\\\/apal.pt\\\/home\\\/#website\",\"url\":\"https:\\\/\\\/apal.pt\\\/home\\\/\",\"name\":\"Apal\",\"description\":\"Associa\u00e7\u00e3o Portuguesa do Alum\u00ednio\",\"publisher\":{\"@id\":\"https:\\\/\\\/apal.pt\\\/home\\\/#organization\"},\"potentialAction\":[{\"@type\":\"SearchAction\",\"target\":{\"@type\":\"EntryPoint\",\"urlTemplate\":\"https:\\\/\\\/apal.pt\\\/home\\\/?s={search_term_string}\"},\"query-input\":{\"@type\":\"PropertyValueSpecification\",\"valueRequired\":true,\"valueName\":\"search_term_string\"}}],\"inLanguage\":\"en-US\"},{\"@type\":\"Organization\",\"@id\":\"https:\\\/\\\/apal.pt\\\/home\\\/#organization\",\"name\":\"Apal - Associa\u00e7\u00e3o Portuguesa do Alum\u00ednio\",\"url\":\"https:\\\/\\\/apal.pt\\\/home\\\/\",\"logo\":{\"@type\":\"ImageObject\",\"inLanguage\":\"en-US\",\"@id\":\"https:\\\/\\\/apal.pt\\\/home\\\/#\\\/schema\\\/logo\\\/image\\\/\",\"url\":\"https:\\\/\\\/apal.pt\\\/home\\\/wp-content\\\/uploads\\\/2021\\\/10\\\/Apal_final_black.png\",\"contentUrl\":\"https:\\\/\\\/apal.pt\\\/home\\\/wp-content\\\/uploads\\\/2021\\\/10\\\/Apal_final_black.png\",\"width\":2048,\"height\":1119,\"caption\":\"Apal - Associa\u00e7\u00e3o Portuguesa do Alum\u00ednio\"},\"image\":{\"@id\":\"https:\\\/\\\/apal.pt\\\/home\\\/#\\\/schema\\\/logo\\\/image\\\/\"},\"sameAs\":[\"https:\\\/\\\/www.facebook.com\\\/apaluminio\\\/?locale=pt_PT\"]},{\"@type\":\"Person\",\"@id\":\"https:\\\/\\\/apal.pt\\\/home\\\/#\\\/schema\\\/person\\\/c235da6bc3c8463b75e4f68b7003ae33\",\"name\":\"admin\",\"image\":{\"@type\":\"ImageObject\",\"inLanguage\":\"en-US\",\"@id\":\"https:\\\/\\\/secure.gravatar.com\\\/avatar\\\/79693450e73a0687de7dfc33863383adc984d69816949931801e757aeebb0b8c?s=96&d=mm&r=g\",\"url\":\"https:\\\/\\\/secure.gravatar.com\\\/avatar\\\/79693450e73a0687de7dfc33863383adc984d69816949931801e757aeebb0b8c?s=96&d=mm&r=g\",\"contentUrl\":\"https:\\\/\\\/secure.gravatar.com\\\/avatar\\\/79693450e73a0687de7dfc33863383adc984d69816949931801e757aeebb0b8c?s=96&d=mm&r=g\",\"caption\":\"admin\"},\"sameAs\":[\"https:\\\/\\\/apal.pt\\\/home\"],\"url\":\"https:\\\/\\\/apal.pt\\\/home\\\/author\\\/admin\\\/\"}]}<\/script>\n<!-- \/ Yoast SEO plugin. -->","yoast_head_json":{"title":"A IND\u00daSTRIA DE PERFIS DE ALUM\u00cdNIO E A SUSTENTABILIDADE AMBIENTAL - Apal","robots":{"index":"index","follow":"follow","max-snippet":"max-snippet:-1","max-image-preview":"max-image-preview:large","max-video-preview":"max-video-preview:-1"},"canonical":"https:\/\/apal.pt\/home\/a-industria-de-perfis-de-aluminio-e-a-sustentabilidade-ambiental\/","og_locale":"en_US","og_type":"article","og_title":"A IND\u00daSTRIA DE PERFIS DE ALUM\u00cdNIO E A SUSTENTABILIDADE AMBIENTAL - Apal","og_description":"A IND\u00daSTRIA DE PERFIS DE ALUM\u00cdNIO E A SUSTENTABILIDADE AMBIENTAL A 28 de Fevereiro de 2012 a APAL organizou em...","og_url":"https:\/\/apal.pt\/home\/a-industria-de-perfis-de-aluminio-e-a-sustentabilidade-ambiental\/","og_site_name":"Apal","article_publisher":"https:\/\/www.facebook.com\/apaluminio\/?locale=pt_PT","article_published_time":"2021-12-07T01:26:29+00:00","article_modified_time":"2023-05-05T12:48:34+00:00","og_image":[{"width":2560,"height":1733,"url":"https:\/\/apal.pt\/home\/wp-content\/uploads\/2021\/10\/360117_operations38-scaled.jpg","type":"image\/jpeg"}],"author":"admin","twitter_card":"summary_large_image","twitter_misc":{"Written by":"admin","Est. reading time":"2 minutes"},"schema":{"@context":"https:\/\/schema.org","@graph":[{"@type":"Article","@id":"https:\/\/apal.pt\/home\/a-industria-de-perfis-de-aluminio-e-a-sustentabilidade-ambiental\/#article","isPartOf":{"@id":"https:\/\/apal.pt\/home\/a-industria-de-perfis-de-aluminio-e-a-sustentabilidade-ambiental\/"},"author":{"name":"admin","@id":"https:\/\/apal.pt\/home\/#\/schema\/person\/c235da6bc3c8463b75e4f68b7003ae33"},"headline":"A IND\u00daSTRIA DE PERFIS DE ALUM\u00cdNIO E A SUSTENTABILIDADE AMBIENTAL","datePublished":"2021-12-07T01:26:29+00:00","dateModified":"2023-05-05T12:48:34+00:00","mainEntityOfPage":{"@id":"https:\/\/apal.pt\/home\/a-industria-de-perfis-de-aluminio-e-a-sustentabilidade-ambiental\/"},"wordCount":293,"publisher":{"@id":"https:\/\/apal.pt\/home\/#organization"},"image":{"@id":"https:\/\/apal.pt\/home\/a-industria-de-perfis-de-aluminio-e-a-sustentabilidade-ambiental\/#primaryimage"},"thumbnailUrl":"https:\/\/apal.pt\/home\/wp-content\/uploads\/2021\/10\/360117_operations38-scaled.jpg","articleSection":["Eventos Apal"],"inLanguage":"en-US"},{"@type":"WebPage","@id":"https:\/\/apal.pt\/home\/a-industria-de-perfis-de-aluminio-e-a-sustentabilidade-ambiental\/","url":"https:\/\/apal.pt\/home\/a-industria-de-perfis-de-aluminio-e-a-sustentabilidade-ambiental\/","name":"A IND\u00daSTRIA DE PERFIS DE ALUM\u00cdNIO E A SUSTENTABILIDADE AMBIENTAL - Apal","isPartOf":{"@id":"https:\/\/apal.pt\/home\/#website"},"primaryImageOfPage":{"@id":"https:\/\/apal.pt\/home\/a-industria-de-perfis-de-aluminio-e-a-sustentabilidade-ambiental\/#primaryimage"},"image":{"@id":"https:\/\/apal.pt\/home\/a-industria-de-perfis-de-aluminio-e-a-sustentabilidade-ambiental\/#primaryimage"},"thumbnailUrl":"https:\/\/apal.pt\/home\/wp-content\/uploads\/2021\/10\/360117_operations38-scaled.jpg","datePublished":"2021-12-07T01:26:29+00:00","dateModified":"2023-05-05T12:48:34+00:00","breadcrumb":{"@id":"https:\/\/apal.pt\/home\/a-industria-de-perfis-de-aluminio-e-a-sustentabilidade-ambiental\/#breadcrumb"},"inLanguage":"en-US","potentialAction":[{"@type":"ReadAction","target":["https:\/\/apal.pt\/home\/a-industria-de-perfis-de-aluminio-e-a-sustentabilidade-ambiental\/"]}]},{"@type":"ImageObject","inLanguage":"en-US","@id":"https:\/\/apal.pt\/home\/a-industria-de-perfis-de-aluminio-e-a-sustentabilidade-ambiental\/#primaryimage","url":"https:\/\/apal.pt\/home\/wp-content\/uploads\/2021\/10\/360117_operations38-scaled.jpg","contentUrl":"https:\/\/apal.pt\/home\/wp-content\/uploads\/2021\/10\/360117_operations38-scaled.jpg","width":2048,"height":1386,"caption":"Photo shoot at Phoenix plant, February 2012"},{"@type":"BreadcrumbList","@id":"https:\/\/apal.pt\/home\/a-industria-de-perfis-de-aluminio-e-a-sustentabilidade-ambiental\/#breadcrumb","itemListElement":[{"@type":"ListItem","position":1,"name":"Home","item":"https:\/\/apal.pt\/home\/"},{"@type":"ListItem","position":2,"name":"A IND\u00daSTRIA DE PERFIS DE ALUM\u00cdNIO E A SUSTENTABILIDADE AMBIENTAL"}]},{"@type":"WebSite","@id":"https:\/\/apal.pt\/home\/#website","url":"https:\/\/apal.pt\/home\/","name":"Apal","description":"Associa\u00e7\u00e3o Portuguesa do Alum\u00ednio","publisher":{"@id":"https:\/\/apal.pt\/home\/#organization"},"potentialAction":[{"@type":"SearchAction","target":{"@type":"EntryPoint","urlTemplate":"https:\/\/apal.pt\/home\/?s={search_term_string}"},"query-input":{"@type":"PropertyValueSpecification","valueRequired":true,"valueName":"search_term_string"}}],"inLanguage":"en-US"},{"@type":"Organization","@id":"https:\/\/apal.pt\/home\/#organization","name":"Apal - Associa\u00e7\u00e3o Portuguesa do Alum\u00ednio","url":"https:\/\/apal.pt\/home\/","logo":{"@type":"ImageObject","inLanguage":"en-US","@id":"https:\/\/apal.pt\/home\/#\/schema\/logo\/image\/","url":"https:\/\/apal.pt\/home\/wp-content\/uploads\/2021\/10\/Apal_final_black.png","contentUrl":"https:\/\/apal.pt\/home\/wp-content\/uploads\/2021\/10\/Apal_final_black.png","width":2048,"height":1119,"caption":"Apal - Associa\u00e7\u00e3o Portuguesa do Alum\u00ednio"},"image":{"@id":"https:\/\/apal.pt\/home\/#\/schema\/logo\/image\/"},"sameAs":["https:\/\/www.facebook.com\/apaluminio\/?locale=pt_PT"]},{"@type":"Person","@id":"https:\/\/apal.pt\/home\/#\/schema\/person\/c235da6bc3c8463b75e4f68b7003ae33","name":"admin","image":{"@type":"ImageObject","inLanguage":"en-US","@id":"https:\/\/secure.gravatar.com\/avatar\/79693450e73a0687de7dfc33863383adc984d69816949931801e757aeebb0b8c?s=96&d=mm&r=g","url":"https:\/\/secure.gravatar.com\/avatar\/79693450e73a0687de7dfc33863383adc984d69816949931801e757aeebb0b8c?s=96&d=mm&r=g","contentUrl":"https:\/\/secure.gravatar.com\/avatar\/79693450e73a0687de7dfc33863383adc984d69816949931801e757aeebb0b8c?s=96&d=mm&r=g","caption":"admin"},"sameAs":["https:\/\/apal.pt\/home"],"url":"https:\/\/apal.pt\/home\/author\/admin\/"}]}},"menu_order":0,"_links":{"self":[{"href":"https:\/\/apal.pt\/home\/wp-json\/wp\/v2\/posts\/27065","targetHints":{"allow":["GET"]}}],"collection":[{"href":"https:\/\/apal.pt\/home\/wp-json\/wp\/v2\/posts"}],"about":[{"href":"https:\/\/apal.pt\/home\/wp-json\/wp\/v2\/types\/post"}],"author":[{"embeddable":true,"href":"https:\/\/apal.pt\/home\/wp-json\/wp\/v2\/users\/1"}],"replies":[{"embeddable":true,"href":"https:\/\/apal.pt\/home\/wp-json\/wp\/v2\/comments?post=27065"}],"version-history":[{"count":0,"href":"https:\/\/apal.pt\/home\/wp-json\/wp\/v2\/posts\/27065\/revisions"}],"wp:featuredmedia":[{"embeddable":true,"href":"https:\/\/apal.pt\/home\/wp-json\/wp\/v2\/media\/25646"}],"wp:attachment":[{"href":"https:\/\/apal.pt\/home\/wp-json\/wp\/v2\/media?parent=27065"}],"wp:term":[{"taxonomy":"category","embeddable":true,"href":"https:\/\/apal.pt\/home\/wp-json\/wp\/v2\/categories?post=27065"},{"taxonomy":"post_tag","embeddable":true,"href":"https:\/\/apal.pt\/home\/wp-json\/wp\/v2\/tags?post=27065"}],"curies":[{"name":"wp","href":"https:\/\/api.w.org\/{rel}","templated":true}]}}