{"id":27083,"date":"2021-12-07T01:54:13","date_gmt":"2021-12-07T01:54:13","guid":{"rendered":"http:\/\/apal.pt\/home\/?p=27083"},"modified":"2023-05-05T12:46:09","modified_gmt":"2023-05-05T12:46:09","slug":"campanha-de-promocao-do-aluminio-aluminio-100-a-favor-2013","status":"publish","type":"post","link":"https:\/\/apal.pt\/home\/campanha-de-promocao-do-aluminio-aluminio-100-a-favor-2013\/","title":{"rendered":"CAMPANHA DE PROMO\u00c7\u00c3O DO ALUM\u00cdNIO &#8211; ALUM\u00cdNIO 100% A FAVOR 2013"},"content":{"rendered":"\t\t<div data-elementor-type=\"wp-post\" data-elementor-id=\"27083\" class=\"elementor elementor-27083\" data-elementor-post-type=\"post\">\n\t\t\t\t\t\t<section class=\"elementor-section elementor-top-section elementor-element elementor-element-35264b22 elementor-section-stretched elementor-section-boxed elementor-section-height-default elementor-section-height-default\" data-id=\"35264b22\" data-element_type=\"section\" data-e-type=\"section\" data-settings=\"{&quot;background_background&quot;:&quot;classic&quot;,&quot;stretch_section&quot;:&quot;section-stretched&quot;}\">\r\n\t\t\t\t\t\t<div class=\"elementor-container elementor-column-gap-thegem\"><div class=\"elementor-row\">\r\n\t\t\t\t\t<div class=\"elementor-column elementor-col-100 elementor-top-column elementor-element elementor-element-646122eb\" data-id=\"646122eb\" data-element_type=\"column\" data-e-type=\"column\">\n\t\t\t<div class=\"elementor-widget-wrap\">\n\t\t\t\t\t\t\t<\/div>\n\t\t<\/div>\n\t\t\t\t\t<\/div><\/div>\r\n\t\t<\/section>\r\n\t\t\t\t<section class=\"elementor-section elementor-top-section elementor-element elementor-element-9390d7d elementor-section-boxed elementor-section-height-default elementor-section-height-default\" data-id=\"9390d7d\" data-element_type=\"section\" data-e-type=\"section\">\r\n\t\t\t\t\t\t<div class=\"elementor-container elementor-column-gap-thegem\"><div class=\"elementor-row\">\r\n\t\t\t\t\t<div class=\"elementor-column elementor-col-100 elementor-top-column elementor-element elementor-element-788cc5f9\" data-id=\"788cc5f9\" data-element_type=\"column\" data-e-type=\"column\">\n\t\t\t<div class=\"elementor-widget-wrap elementor-element-populated\">\n\t\t\t\t\t\t<div class=\"elementor-element elementor-element-6ce3f6b2 flex-horizontal-align-default flex-horizontal-align-tablet-default flex-horizontal-align-mobile-default flex-vertical-align-default flex-vertical-align-tablet-default flex-vertical-align-mobile-default elementor-widget elementor-widget-heading\" data-id=\"6ce3f6b2\" data-element_type=\"widget\" data-e-type=\"widget\" data-widget_type=\"heading.default\">\n\t\t\t\t<div class=\"elementor-widget-container\">\n\t\t\t\t\t<div class=\"title-h2 elementor-heading-title elementor-size-default\">CAMPANHA DE PROMO\u00c7\u00c3O DO ALUM\u00cdNIO - ALUM\u00cdNIO 100% A FAVOR 2013<\/div>\t\t\t\t<\/div>\n\t\t\t\t<\/div>\n\t\t\t\t<div class=\"elementor-element elementor-element-3f4a17be flex-horizontal-align-default flex-horizontal-align-tablet-default flex-horizontal-align-mobile-default flex-vertical-align-default flex-vertical-align-tablet-default flex-vertical-align-mobile-default elementor-widget elementor-widget-text-editor\" data-id=\"3f4a17be\" data-element_type=\"widget\" data-e-type=\"widget\" data-widget_type=\"text-editor.default\">\n\t\t\t\t<div class=\"elementor-widget-container\">\n\t\t\t\t\t\t\t\t\t\t\t\t<div class=\"elementor-text-editor elementor-clearfix\">\r\n\t\t\t\t\t\t<p>O lan\u00e7amento desta campanha, iniciativa da APAL e da Sec\u00e7\u00e3o de Extrusores realizou-se em confer\u00eancia de imprensa convocada para o efeito.\u00a0<br \/>A Confer\u00eancia de Imprensa foi convocada para dia 27 de Maio, pelas 15:00h, no audit\u00f3rio da sede da Ordem dos Engenheiros da Regi\u00e3o Norte.<\/p><p><img src=\"http:\/\/apal.pt\/images\/aluminio100.gif\" alt=\"\" border=\"0\" hspace=\"10\" vspace=\"5\" \/>Saiba mais em:\u00a0<br \/><a href=\"http:\/\/www.aluminio100porcento.com\/\" target=\"_blank\" rel=\"noopener\">www.aluminio100porcento.com<\/a>\u00a0<br \/><a href=\"http:\/\/www.facebook.com\/aluminio100porcento\" target=\"_blank\" rel=\"noopener\">www.facebook.com\/aluminio100porcento<\/a>\u00a0<br \/><a href=\"http:\/\/www.youtube.com\/user\/Aluminio100porcento\" target=\"_blank\" rel=\"noopener\">www.youtube.com\/user\/Aluminio100porcento<\/a><\/p>\t\t\t\t\t\t\t<\/div>\r\n\t\t\t\t\t\t\t\t\t\t<\/div>\n\t\t\t\t<\/div>\n\t\t\t\t\t<\/div>\n\t\t<\/div>\n\t\t\t\t\t<\/div><\/div>\r\n\t\t<\/section>\r\n\t\t\t\t<\/div>\n\t\t","protected":false},"excerpt":{"rendered":"<p>CAMPANHA DE PROMO\u00c7\u00c3O DO ALUM\u00cdNIO &#8211; ALUM\u00cdNIO 100% A FAVOR 2013 O lan\u00e7amento desta campanha, iniciativa da APAL e da&#8230;<\/p>\n","protected":false},"author":1,"featured_media":27080,"comment_status":"closed","ping_status":"open","sticky":false,"template":"","format":"standard","meta":{"footnotes":""},"categories":[107],"tags":[],"class_list":{"0":"post-27083","1":"post","2":"type-post","3":"status-publish","4":"format-standard","5":"has-post-thumbnail","7":"category-eventos-eventos"},"yoast_head":"<!-- This site is optimized with the Yoast SEO plugin v27.4 - https:\/\/yoast.com\/product\/yoast-seo-wordpress\/ -->\n<title>CAMPANHA DE PROMO\u00c7\u00c3O DO ALUM\u00cdNIO - ALUM\u00cdNIO 100% A FAVOR 2013 - Apal<\/title>\n<meta name=\"robots\" content=\"index, follow, max-snippet:-1, max-image-preview:large, max-video-preview:-1\" \/>\n<link rel=\"canonical\" href=\"https:\/\/apal.pt\/home\/campanha-de-promocao-do-aluminio-aluminio-100-a-favor-2013\/\" \/>\n<meta property=\"og:locale\" content=\"en_US\" \/>\n<meta property=\"og:type\" content=\"article\" \/>\n<meta property=\"og:title\" content=\"CAMPANHA DE PROMO\u00c7\u00c3O DO ALUM\u00cdNIO - ALUM\u00cdNIO 100% A FAVOR 2013 - Apal\" \/>\n<meta property=\"og:description\" content=\"CAMPANHA DE PROMO\u00c7\u00c3O DO ALUM\u00cdNIO &#8211; ALUM\u00cdNIO 100% A FAVOR 2013 O lan\u00e7amento desta campanha, iniciativa da APAL e da...\" \/>\n<meta property=\"og:url\" content=\"https:\/\/apal.pt\/home\/campanha-de-promocao-do-aluminio-aluminio-100-a-favor-2013\/\" \/>\n<meta property=\"og:site_name\" content=\"Apal\" \/>\n<meta property=\"article:publisher\" content=\"https:\/\/www.facebook.com\/apaluminio\/?locale=pt_PT\" \/>\n<meta property=\"article:published_time\" content=\"2021-12-07T01:54:13+00:00\" \/>\n<meta property=\"article:modified_time\" content=\"2023-05-05T12:46:09+00:00\" \/>\n<meta property=\"og:image\" content=\"https:\/\/apal.pt\/home\/wp-content\/uploads\/2021\/12\/aluminio100.gif\" \/>\n\t<meta property=\"og:image:width\" content=\"100\" \/>\n\t<meta property=\"og:image:height\" content=\"96\" \/>\n\t<meta property=\"og:image:type\" content=\"image\/gif\" \/>\n<meta name=\"author\" content=\"admin\" \/>\n<meta name=\"twitter:card\" content=\"summary_large_image\" \/>\n<meta name=\"twitter:label1\" content=\"Written by\" \/>\n\t<meta name=\"twitter:data1\" content=\"admin\" \/>\n\t<meta name=\"twitter:label2\" content=\"Est. reading time\" \/>\n\t<meta name=\"twitter:data2\" content=\"1 minute\" \/>\n<script type=\"application\/ld+json\" class=\"yoast-schema-graph\">{\"@context\":\"https:\\\/\\\/schema.org\",\"@graph\":[{\"@type\":\"Article\",\"@id\":\"https:\\\/\\\/apal.pt\\\/home\\\/campanha-de-promocao-do-aluminio-aluminio-100-a-favor-2013\\\/#article\",\"isPartOf\":{\"@id\":\"https:\\\/\\\/apal.pt\\\/home\\\/campanha-de-promocao-do-aluminio-aluminio-100-a-favor-2013\\\/\"},\"author\":{\"name\":\"admin\",\"@id\":\"https:\\\/\\\/apal.pt\\\/home\\\/#\\\/schema\\\/person\\\/c235da6bc3c8463b75e4f68b7003ae33\"},\"headline\":\"CAMPANHA DE PROMO\u00c7\u00c3O DO ALUM\u00cdNIO &#8211; ALUM\u00cdNIO 100% A FAVOR 2013\",\"datePublished\":\"2021-12-07T01:54:13+00:00\",\"dateModified\":\"2023-05-05T12:46:09+00:00\",\"mainEntityOfPage\":{\"@id\":\"https:\\\/\\\/apal.pt\\\/home\\\/campanha-de-promocao-do-aluminio-aluminio-100-a-favor-2013\\\/\"},\"wordCount\":92,\"publisher\":{\"@id\":\"https:\\\/\\\/apal.pt\\\/home\\\/#organization\"},\"image\":{\"@id\":\"https:\\\/\\\/apal.pt\\\/home\\\/campanha-de-promocao-do-aluminio-aluminio-100-a-favor-2013\\\/#primaryimage\"},\"thumbnailUrl\":\"https:\\\/\\\/apal.pt\\\/home\\\/wp-content\\\/uploads\\\/2021\\\/12\\\/aluminio100.gif\",\"articleSection\":[\"Eventos Apal\"],\"inLanguage\":\"en-US\"},{\"@type\":\"WebPage\",\"@id\":\"https:\\\/\\\/apal.pt\\\/home\\\/campanha-de-promocao-do-aluminio-aluminio-100-a-favor-2013\\\/\",\"url\":\"https:\\\/\\\/apal.pt\\\/home\\\/campanha-de-promocao-do-aluminio-aluminio-100-a-favor-2013\\\/\",\"name\":\"CAMPANHA DE PROMO\u00c7\u00c3O DO ALUM\u00cdNIO - ALUM\u00cdNIO 100% A FAVOR 2013 - Apal\",\"isPartOf\":{\"@id\":\"https:\\\/\\\/apal.pt\\\/home\\\/#website\"},\"primaryImageOfPage\":{\"@id\":\"https:\\\/\\\/apal.pt\\\/home\\\/campanha-de-promocao-do-aluminio-aluminio-100-a-favor-2013\\\/#primaryimage\"},\"image\":{\"@id\":\"https:\\\/\\\/apal.pt\\\/home\\\/campanha-de-promocao-do-aluminio-aluminio-100-a-favor-2013\\\/#primaryimage\"},\"thumbnailUrl\":\"https:\\\/\\\/apal.pt\\\/home\\\/wp-content\\\/uploads\\\/2021\\\/12\\\/aluminio100.gif\",\"datePublished\":\"2021-12-07T01:54:13+00:00\",\"dateModified\":\"2023-05-05T12:46:09+00:00\",\"breadcrumb\":{\"@id\":\"https:\\\/\\\/apal.pt\\\/home\\\/campanha-de-promocao-do-aluminio-aluminio-100-a-favor-2013\\\/#breadcrumb\"},\"inLanguage\":\"en-US\",\"potentialAction\":[{\"@type\":\"ReadAction\",\"target\":[\"https:\\\/\\\/apal.pt\\\/home\\\/campanha-de-promocao-do-aluminio-aluminio-100-a-favor-2013\\\/\"]}]},{\"@type\":\"ImageObject\",\"inLanguage\":\"en-US\",\"@id\":\"https:\\\/\\\/apal.pt\\\/home\\\/campanha-de-promocao-do-aluminio-aluminio-100-a-favor-2013\\\/#primaryimage\",\"url\":\"https:\\\/\\\/apal.pt\\\/home\\\/wp-content\\\/uploads\\\/2021\\\/12\\\/aluminio100.gif\",\"contentUrl\":\"https:\\\/\\\/apal.pt\\\/home\\\/wp-content\\\/uploads\\\/2021\\\/12\\\/aluminio100.gif\",\"width\":100,\"height\":96},{\"@type\":\"BreadcrumbList\",\"@id\":\"https:\\\/\\\/apal.pt\\\/home\\\/campanha-de-promocao-do-aluminio-aluminio-100-a-favor-2013\\\/#breadcrumb\",\"itemListElement\":[{\"@type\":\"ListItem\",\"position\":1,\"name\":\"Home\",\"item\":\"https:\\\/\\\/apal.pt\\\/home\\\/\"},{\"@type\":\"ListItem\",\"position\":2,\"name\":\"CAMPANHA DE PROMO\u00c7\u00c3O DO ALUM\u00cdNIO &#8211; ALUM\u00cdNIO 100% A FAVOR 2013\"}]},{\"@type\":\"WebSite\",\"@id\":\"https:\\\/\\\/apal.pt\\\/home\\\/#website\",\"url\":\"https:\\\/\\\/apal.pt\\\/home\\\/\",\"name\":\"Apal\",\"description\":\"Associa\u00e7\u00e3o Portuguesa do Alum\u00ednio\",\"publisher\":{\"@id\":\"https:\\\/\\\/apal.pt\\\/home\\\/#organization\"},\"potentialAction\":[{\"@type\":\"SearchAction\",\"target\":{\"@type\":\"EntryPoint\",\"urlTemplate\":\"https:\\\/\\\/apal.pt\\\/home\\\/?s={search_term_string}\"},\"query-input\":{\"@type\":\"PropertyValueSpecification\",\"valueRequired\":true,\"valueName\":\"search_term_string\"}}],\"inLanguage\":\"en-US\"},{\"@type\":\"Organization\",\"@id\":\"https:\\\/\\\/apal.pt\\\/home\\\/#organization\",\"name\":\"Apal - Associa\u00e7\u00e3o Portuguesa do Alum\u00ednio\",\"url\":\"https:\\\/\\\/apal.pt\\\/home\\\/\",\"logo\":{\"@type\":\"ImageObject\",\"inLanguage\":\"en-US\",\"@id\":\"https:\\\/\\\/apal.pt\\\/home\\\/#\\\/schema\\\/logo\\\/image\\\/\",\"url\":\"https:\\\/\\\/apal.pt\\\/home\\\/wp-content\\\/uploads\\\/2021\\\/10\\\/Apal_final_black.png\",\"contentUrl\":\"https:\\\/\\\/apal.pt\\\/home\\\/wp-content\\\/uploads\\\/2021\\\/10\\\/Apal_final_black.png\",\"width\":2048,\"height\":1119,\"caption\":\"Apal - Associa\u00e7\u00e3o Portuguesa do Alum\u00ednio\"},\"image\":{\"@id\":\"https:\\\/\\\/apal.pt\\\/home\\\/#\\\/schema\\\/logo\\\/image\\\/\"},\"sameAs\":[\"https:\\\/\\\/www.facebook.com\\\/apaluminio\\\/?locale=pt_PT\"]},{\"@type\":\"Person\",\"@id\":\"https:\\\/\\\/apal.pt\\\/home\\\/#\\\/schema\\\/person\\\/c235da6bc3c8463b75e4f68b7003ae33\",\"name\":\"admin\",\"image\":{\"@type\":\"ImageObject\",\"inLanguage\":\"en-US\",\"@id\":\"https:\\\/\\\/secure.gravatar.com\\\/avatar\\\/79693450e73a0687de7dfc33863383adc984d69816949931801e757aeebb0b8c?s=96&d=mm&r=g\",\"url\":\"https:\\\/\\\/secure.gravatar.com\\\/avatar\\\/79693450e73a0687de7dfc33863383adc984d69816949931801e757aeebb0b8c?s=96&d=mm&r=g\",\"contentUrl\":\"https:\\\/\\\/secure.gravatar.com\\\/avatar\\\/79693450e73a0687de7dfc33863383adc984d69816949931801e757aeebb0b8c?s=96&d=mm&r=g\",\"caption\":\"admin\"},\"sameAs\":[\"https:\\\/\\\/apal.pt\\\/home\"],\"url\":\"https:\\\/\\\/apal.pt\\\/home\\\/author\\\/admin\\\/\"}]}<\/script>\n<!-- \/ Yoast SEO plugin. -->","yoast_head_json":{"title":"CAMPANHA DE PROMO\u00c7\u00c3O DO ALUM\u00cdNIO - ALUM\u00cdNIO 100% A FAVOR 2013 - Apal","robots":{"index":"index","follow":"follow","max-snippet":"max-snippet:-1","max-image-preview":"max-image-preview:large","max-video-preview":"max-video-preview:-1"},"canonical":"https:\/\/apal.pt\/home\/campanha-de-promocao-do-aluminio-aluminio-100-a-favor-2013\/","og_locale":"en_US","og_type":"article","og_title":"CAMPANHA DE PROMO\u00c7\u00c3O DO ALUM\u00cdNIO - ALUM\u00cdNIO 100% A FAVOR 2013 - Apal","og_description":"CAMPANHA DE PROMO\u00c7\u00c3O DO ALUM\u00cdNIO &#8211; ALUM\u00cdNIO 100% A FAVOR 2013 O lan\u00e7amento desta campanha, iniciativa da APAL e da...","og_url":"https:\/\/apal.pt\/home\/campanha-de-promocao-do-aluminio-aluminio-100-a-favor-2013\/","og_site_name":"Apal","article_publisher":"https:\/\/www.facebook.com\/apaluminio\/?locale=pt_PT","article_published_time":"2021-12-07T01:54:13+00:00","article_modified_time":"2023-05-05T12:46:09+00:00","og_image":[{"width":100,"height":96,"url":"https:\/\/apal.pt\/home\/wp-content\/uploads\/2021\/12\/aluminio100.gif","type":"image\/gif"}],"author":"admin","twitter_card":"summary_large_image","twitter_misc":{"Written by":"admin","Est. reading time":"1 minute"},"schema":{"@context":"https:\/\/schema.org","@graph":[{"@type":"Article","@id":"https:\/\/apal.pt\/home\/campanha-de-promocao-do-aluminio-aluminio-100-a-favor-2013\/#article","isPartOf":{"@id":"https:\/\/apal.pt\/home\/campanha-de-promocao-do-aluminio-aluminio-100-a-favor-2013\/"},"author":{"name":"admin","@id":"https:\/\/apal.pt\/home\/#\/schema\/person\/c235da6bc3c8463b75e4f68b7003ae33"},"headline":"CAMPANHA DE PROMO\u00c7\u00c3O DO ALUM\u00cdNIO &#8211; ALUM\u00cdNIO 100% A FAVOR 2013","datePublished":"2021-12-07T01:54:13+00:00","dateModified":"2023-05-05T12:46:09+00:00","mainEntityOfPage":{"@id":"https:\/\/apal.pt\/home\/campanha-de-promocao-do-aluminio-aluminio-100-a-favor-2013\/"},"wordCount":92,"publisher":{"@id":"https:\/\/apal.pt\/home\/#organization"},"image":{"@id":"https:\/\/apal.pt\/home\/campanha-de-promocao-do-aluminio-aluminio-100-a-favor-2013\/#primaryimage"},"thumbnailUrl":"https:\/\/apal.pt\/home\/wp-content\/uploads\/2021\/12\/aluminio100.gif","articleSection":["Eventos Apal"],"inLanguage":"en-US"},{"@type":"WebPage","@id":"https:\/\/apal.pt\/home\/campanha-de-promocao-do-aluminio-aluminio-100-a-favor-2013\/","url":"https:\/\/apal.pt\/home\/campanha-de-promocao-do-aluminio-aluminio-100-a-favor-2013\/","name":"CAMPANHA DE PROMO\u00c7\u00c3O DO ALUM\u00cdNIO - ALUM\u00cdNIO 100% A FAVOR 2013 - Apal","isPartOf":{"@id":"https:\/\/apal.pt\/home\/#website"},"primaryImageOfPage":{"@id":"https:\/\/apal.pt\/home\/campanha-de-promocao-do-aluminio-aluminio-100-a-favor-2013\/#primaryimage"},"image":{"@id":"https:\/\/apal.pt\/home\/campanha-de-promocao-do-aluminio-aluminio-100-a-favor-2013\/#primaryimage"},"thumbnailUrl":"https:\/\/apal.pt\/home\/wp-content\/uploads\/2021\/12\/aluminio100.gif","datePublished":"2021-12-07T01:54:13+00:00","dateModified":"2023-05-05T12:46:09+00:00","breadcrumb":{"@id":"https:\/\/apal.pt\/home\/campanha-de-promocao-do-aluminio-aluminio-100-a-favor-2013\/#breadcrumb"},"inLanguage":"en-US","potentialAction":[{"@type":"ReadAction","target":["https:\/\/apal.pt\/home\/campanha-de-promocao-do-aluminio-aluminio-100-a-favor-2013\/"]}]},{"@type":"ImageObject","inLanguage":"en-US","@id":"https:\/\/apal.pt\/home\/campanha-de-promocao-do-aluminio-aluminio-100-a-favor-2013\/#primaryimage","url":"https:\/\/apal.pt\/home\/wp-content\/uploads\/2021\/12\/aluminio100.gif","contentUrl":"https:\/\/apal.pt\/home\/wp-content\/uploads\/2021\/12\/aluminio100.gif","width":100,"height":96},{"@type":"BreadcrumbList","@id":"https:\/\/apal.pt\/home\/campanha-de-promocao-do-aluminio-aluminio-100-a-favor-2013\/#breadcrumb","itemListElement":[{"@type":"ListItem","position":1,"name":"Home","item":"https:\/\/apal.pt\/home\/"},{"@type":"ListItem","position":2,"name":"CAMPANHA DE PROMO\u00c7\u00c3O DO ALUM\u00cdNIO &#8211; ALUM\u00cdNIO 100% A FAVOR 2013"}]},{"@type":"WebSite","@id":"https:\/\/apal.pt\/home\/#website","url":"https:\/\/apal.pt\/home\/","name":"Apal","description":"Associa\u00e7\u00e3o Portuguesa do Alum\u00ednio","publisher":{"@id":"https:\/\/apal.pt\/home\/#organization"},"potentialAction":[{"@type":"SearchAction","target":{"@type":"EntryPoint","urlTemplate":"https:\/\/apal.pt\/home\/?s={search_term_string}"},"query-input":{"@type":"PropertyValueSpecification","valueRequired":true,"valueName":"search_term_string"}}],"inLanguage":"en-US"},{"@type":"Organization","@id":"https:\/\/apal.pt\/home\/#organization","name":"Apal - Associa\u00e7\u00e3o Portuguesa do Alum\u00ednio","url":"https:\/\/apal.pt\/home\/","logo":{"@type":"ImageObject","inLanguage":"en-US","@id":"https:\/\/apal.pt\/home\/#\/schema\/logo\/image\/","url":"https:\/\/apal.pt\/home\/wp-content\/uploads\/2021\/10\/Apal_final_black.png","contentUrl":"https:\/\/apal.pt\/home\/wp-content\/uploads\/2021\/10\/Apal_final_black.png","width":2048,"height":1119,"caption":"Apal - Associa\u00e7\u00e3o Portuguesa do Alum\u00ednio"},"image":{"@id":"https:\/\/apal.pt\/home\/#\/schema\/logo\/image\/"},"sameAs":["https:\/\/www.facebook.com\/apaluminio\/?locale=pt_PT"]},{"@type":"Person","@id":"https:\/\/apal.pt\/home\/#\/schema\/person\/c235da6bc3c8463b75e4f68b7003ae33","name":"admin","image":{"@type":"ImageObject","inLanguage":"en-US","@id":"https:\/\/secure.gravatar.com\/avatar\/79693450e73a0687de7dfc33863383adc984d69816949931801e757aeebb0b8c?s=96&d=mm&r=g","url":"https:\/\/secure.gravatar.com\/avatar\/79693450e73a0687de7dfc33863383adc984d69816949931801e757aeebb0b8c?s=96&d=mm&r=g","contentUrl":"https:\/\/secure.gravatar.com\/avatar\/79693450e73a0687de7dfc33863383adc984d69816949931801e757aeebb0b8c?s=96&d=mm&r=g","caption":"admin"},"sameAs":["https:\/\/apal.pt\/home"],"url":"https:\/\/apal.pt\/home\/author\/admin\/"}]}},"menu_order":0,"_links":{"self":[{"href":"https:\/\/apal.pt\/home\/wp-json\/wp\/v2\/posts\/27083","targetHints":{"allow":["GET"]}}],"collection":[{"href":"https:\/\/apal.pt\/home\/wp-json\/wp\/v2\/posts"}],"about":[{"href":"https:\/\/apal.pt\/home\/wp-json\/wp\/v2\/types\/post"}],"author":[{"embeddable":true,"href":"https:\/\/apal.pt\/home\/wp-json\/wp\/v2\/users\/1"}],"replies":[{"embeddable":true,"href":"https:\/\/apal.pt\/home\/wp-json\/wp\/v2\/comments?post=27083"}],"version-history":[{"count":0,"href":"https:\/\/apal.pt\/home\/wp-json\/wp\/v2\/posts\/27083\/revisions"}],"wp:featuredmedia":[{"embeddable":true,"href":"https:\/\/apal.pt\/home\/wp-json\/wp\/v2\/media\/27080"}],"wp:attachment":[{"href":"https:\/\/apal.pt\/home\/wp-json\/wp\/v2\/media?parent=27083"}],"wp:term":[{"taxonomy":"category","embeddable":true,"href":"https:\/\/apal.pt\/home\/wp-json\/wp\/v2\/categories?post=27083"},{"taxonomy":"post_tag","embeddable":true,"href":"https:\/\/apal.pt\/home\/wp-json\/wp\/v2\/tags?post=27083"}],"curies":[{"name":"wp","href":"https:\/\/api.w.org\/{rel}","templated":true}]}}