{"id":28624,"date":"2023-04-06T10:18:04","date_gmt":"2023-04-06T10:18:04","guid":{"rendered":"https:\/\/apal.pt\/home\/?p=28624"},"modified":"2024-08-09T08:40:37","modified_gmt":"2024-08-09T08:40:37","slug":"xiv-congresso-de-construcao-metalica-e-mista-2","status":"publish","type":"post","link":"https:\/\/apal.pt\/home\/xiv-congresso-de-construcao-metalica-e-mista-2\/","title":{"rendered":"XIV CONGRESSO DE CONSTRU\u00c7\u00c3O MET\u00c1LICA E MISTA"},"content":{"rendered":"\t\t<div data-elementor-type=\"wp-post\" data-elementor-id=\"28624\" class=\"elementor elementor-28624\" data-elementor-post-type=\"post\">\n\t\t\t\t\t\t<section class=\"elementor-section elementor-top-section elementor-element elementor-element-74f50ed5 elementor-section-stretched elementor-section-boxed elementor-section-height-default elementor-section-height-default\" data-id=\"74f50ed5\" data-element_type=\"section\" data-e-type=\"section\" data-settings=\"{&quot;background_background&quot;:&quot;classic&quot;,&quot;stretch_section&quot;:&quot;section-stretched&quot;}\">\r\n\t\t\t\t\t\t<div class=\"elementor-container elementor-column-gap-thegem\"><div class=\"elementor-row\">\r\n\t\t\t\t\t<div class=\"elementor-column elementor-col-100 elementor-top-column elementor-element elementor-element-1a2e3bd0\" data-id=\"1a2e3bd0\" data-element_type=\"column\" data-e-type=\"column\">\n\t\t\t<div class=\"elementor-widget-wrap\">\n\t\t\t\t\t\t\t<\/div>\n\t\t<\/div>\n\t\t\t\t\t<\/div><\/div>\r\n\t\t<\/section>\r\n\t\t\t\t<section class=\"elementor-section elementor-top-section elementor-element elementor-element-7d13d794 elementor-section-full_width elementor-section-height-default elementor-section-height-default\" data-id=\"7d13d794\" data-element_type=\"section\" data-e-type=\"section\">\r\n\t\t\t\t\t\t<div class=\"elementor-container elementor-column-gap-default\"><div class=\"elementor-row\">\r\n\t\t\t\t\t<div class=\"elementor-column elementor-col-50 elementor-top-column elementor-element elementor-element-788cc5f9\" data-id=\"788cc5f9\" data-element_type=\"column\" data-e-type=\"column\">\n\t\t\t<div class=\"elementor-widget-wrap elementor-element-populated\">\n\t\t\t\t\t\t<div class=\"elementor-element elementor-element-ec8ea45 flex-horizontal-align-default flex-horizontal-align-tablet-default flex-horizontal-align-mobile-default flex-vertical-align-default flex-vertical-align-tablet-default flex-vertical-align-mobile-default elementor-widget elementor-widget-image\" data-id=\"ec8ea45\" data-element_type=\"widget\" data-e-type=\"widget\" data-widget_type=\"image.default\">\n\t\t\t\t<div class=\"elementor-widget-container\">\n\t\t\t\t\t\t\t\t\t\t\t\t\t\t\t<img width=\"631\" height=\"394\" src=\"https:\/\/apal.pt\/home\/wp-content\/uploads\/2023\/04\/congresso-construcao-metalica-e-mista-2023-cmm-00-63d7fc2366e20865652260.jpg\" class=\"attachment-full size-full wp-image-28629\" alt=\"\" srcset=\"https:\/\/apal.pt\/home\/wp-content\/uploads\/2023\/04\/congresso-construcao-metalica-e-mista-2023-cmm-00-63d7fc2366e20865652260.jpg 631w, https:\/\/apal.pt\/home\/wp-content\/uploads\/2023\/04\/congresso-construcao-metalica-e-mista-2023-cmm-00-63d7fc2366e20865652260-300x187.jpg 300w\" sizes=\"(max-width: 631px) 100vw, 631px\" \/>\t\t\t\t\t\t\t\t\t\t\t\t\t\t\t<\/div>\n\t\t\t\t<\/div>\n\t\t\t\t\t<\/div>\n\t\t<\/div>\n\t\t\t\t<div class=\"elementor-column elementor-col-50 elementor-top-column elementor-element elementor-element-db98fe3\" data-id=\"db98fe3\" data-element_type=\"column\" data-e-type=\"column\">\n\t\t\t<div class=\"elementor-widget-wrap elementor-element-populated\">\n\t\t\t\t\t\t<div class=\"elementor-element elementor-element-90f0141 flex-horizontal-align-default flex-horizontal-align-tablet-default flex-horizontal-align-mobile-default flex-vertical-align-default flex-vertical-align-tablet-default flex-vertical-align-mobile-default elementor-widget elementor-widget-heading\" data-id=\"90f0141\" data-element_type=\"widget\" data-e-type=\"widget\" data-widget_type=\"heading.default\">\n\t\t\t\t<div class=\"elementor-widget-container\">\n\t\t\t\t\t<div class=\"title-h2 elementor-heading-title elementor-size-default\">XIV Congresso de Constru\u00e7\u00e3o Met\u00e1lica e Mista<\/div>\t\t\t\t<\/div>\n\t\t\t\t<\/div>\n\t\t\t\t<div class=\"elementor-element elementor-element-d3f1e11 flex-horizontal-align-default flex-horizontal-align-tablet-default flex-horizontal-align-mobile-default flex-vertical-align-default flex-vertical-align-tablet-default flex-vertical-align-mobile-default elementor-widget elementor-widget-text-editor\" data-id=\"d3f1e11\" data-element_type=\"widget\" data-e-type=\"widget\" data-widget_type=\"text-editor.default\">\n\t\t\t\t<div class=\"elementor-widget-container\">\n\t\t\t\t\t\t\t\t\t\t\t\t<div class=\"elementor-text-editor elementor-clearfix\">\r\n\t\t\t\t\t\t<div class=\"\" style=\"text-align: center;\"><div class=\"\"><span style=\"color: #e0e0e0;\"><strong class=\"\">23 e 24 de Novembro de 2023<\/strong><strong class=\"\">.<\/strong><span class=\"\">\u00a0<\/span><\/span><\/div><p class=\"\"><span style=\"color: #e0e0e0;\">Convento de S\u00e3o Francisco, Coimbra<\/span><\/p><p class=\"\"><strong class=\"\"><a class=\"\" href=\"http:\/\/www.cmm.pt\/congresso14\" target=\"_blank\" rel=\"noopener\">www.cmm.pt\/congresso14<\/a><\/strong><\/p><\/div><div class=\"\" style=\"text-align: center;\">\u00a0<\/div>\t\t\t\t\t\t\t<\/div>\r\n\t\t\t\t\t\t\t\t\t\t<\/div>\n\t\t\t\t<\/div>\n\t\t\t\t\t<\/div>\n\t\t<\/div>\n\t\t\t\t\t<\/div><\/div>\r\n\t\t<\/section>\r\n\t\t\t\t<\/div>\n\t\t","protected":false},"excerpt":{"rendered":"<p>XIV Congresso de Constru\u00e7\u00e3o Met\u00e1lica e Mista 23 e 24 de Novembro de 2023.\u00a0 Convento de S\u00e3o Francisco, Coimbra www.cmm.pt\/congresso14&#8230;<\/p>\n","protected":false},"author":1,"featured_media":28629,"comment_status":"closed","ping_status":"open","sticky":false,"template":"","format":"standard","meta":{"footnotes":""},"categories":[94,107],"tags":[],"class_list":{"0":"post-28624","1":"post","2":"type-post","3":"status-publish","4":"format-standard","5":"has-post-thumbnail","7":"category-eventos","8":"category-eventos-eventos"},"yoast_head":"<!-- This site is optimized with the Yoast SEO plugin v27.4 - https:\/\/yoast.com\/product\/yoast-seo-wordpress\/ -->\n<title>XIV CONGRESSO DE CONSTRU\u00c7\u00c3O MET\u00c1LICA E MISTA - Apal<\/title>\n<meta name=\"robots\" content=\"index, follow, max-snippet:-1, max-image-preview:large, max-video-preview:-1\" \/>\n<link rel=\"canonical\" href=\"https:\/\/apal.pt\/home\/xiv-congresso-de-construcao-metalica-e-mista-2\/\" \/>\n<meta property=\"og:locale\" content=\"en_US\" \/>\n<meta property=\"og:type\" content=\"article\" \/>\n<meta property=\"og:title\" content=\"XIV CONGRESSO DE CONSTRU\u00c7\u00c3O MET\u00c1LICA E MISTA - Apal\" \/>\n<meta property=\"og:description\" content=\"XIV Congresso de Constru\u00e7\u00e3o Met\u00e1lica e Mista 23 e 24 de Novembro de 2023.\u00a0 Convento de S\u00e3o Francisco, Coimbra www.cmm.pt\/congresso14...\" \/>\n<meta property=\"og:url\" content=\"https:\/\/apal.pt\/home\/xiv-congresso-de-construcao-metalica-e-mista-2\/\" \/>\n<meta property=\"og:site_name\" content=\"Apal\" \/>\n<meta property=\"article:publisher\" content=\"https:\/\/www.facebook.com\/apaluminio\/?locale=pt_PT\" \/>\n<meta property=\"article:published_time\" content=\"2023-04-06T10:18:04+00:00\" \/>\n<meta property=\"article:modified_time\" content=\"2024-08-09T08:40:37+00:00\" \/>\n<meta property=\"og:image\" content=\"https:\/\/apal.pt\/home\/wp-content\/uploads\/2023\/04\/congresso-construcao-metalica-e-mista-2023-cmm-00-63d7fc2366e20865652260.jpg\" \/>\n\t<meta property=\"og:image:width\" content=\"631\" \/>\n\t<meta property=\"og:image:height\" content=\"394\" \/>\n\t<meta property=\"og:image:type\" content=\"image\/jpeg\" \/>\n<meta name=\"author\" content=\"admin\" \/>\n<meta name=\"twitter:card\" content=\"summary_large_image\" \/>\n<meta name=\"twitter:label1\" content=\"Written by\" \/>\n\t<meta name=\"twitter:data1\" content=\"admin\" \/>\n\t<meta name=\"twitter:label2\" content=\"Est. reading time\" \/>\n\t<meta name=\"twitter:data2\" content=\"1 minute\" \/>\n<script type=\"application\/ld+json\" class=\"yoast-schema-graph\">{\"@context\":\"https:\\\/\\\/schema.org\",\"@graph\":[{\"@type\":\"Article\",\"@id\":\"https:\\\/\\\/apal.pt\\\/home\\\/xiv-congresso-de-construcao-metalica-e-mista-2\\\/#article\",\"isPartOf\":{\"@id\":\"https:\\\/\\\/apal.pt\\\/home\\\/xiv-congresso-de-construcao-metalica-e-mista-2\\\/\"},\"author\":{\"name\":\"admin\",\"@id\":\"https:\\\/\\\/apal.pt\\\/home\\\/#\\\/schema\\\/person\\\/c235da6bc3c8463b75e4f68b7003ae33\"},\"headline\":\"XIV CONGRESSO DE CONSTRU\u00c7\u00c3O MET\u00c1LICA E MISTA\",\"datePublished\":\"2023-04-06T10:18:04+00:00\",\"dateModified\":\"2024-08-09T08:40:37+00:00\",\"mainEntityOfPage\":{\"@id\":\"https:\\\/\\\/apal.pt\\\/home\\\/xiv-congresso-de-construcao-metalica-e-mista-2\\\/\"},\"wordCount\":32,\"publisher\":{\"@id\":\"https:\\\/\\\/apal.pt\\\/home\\\/#organization\"},\"image\":{\"@id\":\"https:\\\/\\\/apal.pt\\\/home\\\/xiv-congresso-de-construcao-metalica-e-mista-2\\\/#primaryimage\"},\"thumbnailUrl\":\"https:\\\/\\\/apal.pt\\\/home\\\/wp-content\\\/uploads\\\/2023\\\/04\\\/congresso-construcao-metalica-e-mista-2023-cmm-00-63d7fc2366e20865652260.jpg\",\"articleSection\":[\"Eventos\",\"Eventos Apal\"],\"inLanguage\":\"en-US\"},{\"@type\":\"WebPage\",\"@id\":\"https:\\\/\\\/apal.pt\\\/home\\\/xiv-congresso-de-construcao-metalica-e-mista-2\\\/\",\"url\":\"https:\\\/\\\/apal.pt\\\/home\\\/xiv-congresso-de-construcao-metalica-e-mista-2\\\/\",\"name\":\"XIV CONGRESSO DE CONSTRU\u00c7\u00c3O MET\u00c1LICA E MISTA - Apal\",\"isPartOf\":{\"@id\":\"https:\\\/\\\/apal.pt\\\/home\\\/#website\"},\"primaryImageOfPage\":{\"@id\":\"https:\\\/\\\/apal.pt\\\/home\\\/xiv-congresso-de-construcao-metalica-e-mista-2\\\/#primaryimage\"},\"image\":{\"@id\":\"https:\\\/\\\/apal.pt\\\/home\\\/xiv-congresso-de-construcao-metalica-e-mista-2\\\/#primaryimage\"},\"thumbnailUrl\":\"https:\\\/\\\/apal.pt\\\/home\\\/wp-content\\\/uploads\\\/2023\\\/04\\\/congresso-construcao-metalica-e-mista-2023-cmm-00-63d7fc2366e20865652260.jpg\",\"datePublished\":\"2023-04-06T10:18:04+00:00\",\"dateModified\":\"2024-08-09T08:40:37+00:00\",\"breadcrumb\":{\"@id\":\"https:\\\/\\\/apal.pt\\\/home\\\/xiv-congresso-de-construcao-metalica-e-mista-2\\\/#breadcrumb\"},\"inLanguage\":\"en-US\",\"potentialAction\":[{\"@type\":\"ReadAction\",\"target\":[\"https:\\\/\\\/apal.pt\\\/home\\\/xiv-congresso-de-construcao-metalica-e-mista-2\\\/\"]}]},{\"@type\":\"ImageObject\",\"inLanguage\":\"en-US\",\"@id\":\"https:\\\/\\\/apal.pt\\\/home\\\/xiv-congresso-de-construcao-metalica-e-mista-2\\\/#primaryimage\",\"url\":\"https:\\\/\\\/apal.pt\\\/home\\\/wp-content\\\/uploads\\\/2023\\\/04\\\/congresso-construcao-metalica-e-mista-2023-cmm-00-63d7fc2366e20865652260.jpg\",\"contentUrl\":\"https:\\\/\\\/apal.pt\\\/home\\\/wp-content\\\/uploads\\\/2023\\\/04\\\/congresso-construcao-metalica-e-mista-2023-cmm-00-63d7fc2366e20865652260.jpg\",\"width\":631,\"height\":394},{\"@type\":\"BreadcrumbList\",\"@id\":\"https:\\\/\\\/apal.pt\\\/home\\\/xiv-congresso-de-construcao-metalica-e-mista-2\\\/#breadcrumb\",\"itemListElement\":[{\"@type\":\"ListItem\",\"position\":1,\"name\":\"Home\",\"item\":\"https:\\\/\\\/apal.pt\\\/home\\\/\"},{\"@type\":\"ListItem\",\"position\":2,\"name\":\"XIV CONGRESSO DE CONSTRU\u00c7\u00c3O MET\u00c1LICA E MISTA\"}]},{\"@type\":\"WebSite\",\"@id\":\"https:\\\/\\\/apal.pt\\\/home\\\/#website\",\"url\":\"https:\\\/\\\/apal.pt\\\/home\\\/\",\"name\":\"Apal\",\"description\":\"Associa\u00e7\u00e3o Portuguesa do Alum\u00ednio\",\"publisher\":{\"@id\":\"https:\\\/\\\/apal.pt\\\/home\\\/#organization\"},\"potentialAction\":[{\"@type\":\"SearchAction\",\"target\":{\"@type\":\"EntryPoint\",\"urlTemplate\":\"https:\\\/\\\/apal.pt\\\/home\\\/?s={search_term_string}\"},\"query-input\":{\"@type\":\"PropertyValueSpecification\",\"valueRequired\":true,\"valueName\":\"search_term_string\"}}],\"inLanguage\":\"en-US\"},{\"@type\":\"Organization\",\"@id\":\"https:\\\/\\\/apal.pt\\\/home\\\/#organization\",\"name\":\"Apal - Associa\u00e7\u00e3o Portuguesa do Alum\u00ednio\",\"url\":\"https:\\\/\\\/apal.pt\\\/home\\\/\",\"logo\":{\"@type\":\"ImageObject\",\"inLanguage\":\"en-US\",\"@id\":\"https:\\\/\\\/apal.pt\\\/home\\\/#\\\/schema\\\/logo\\\/image\\\/\",\"url\":\"https:\\\/\\\/apal.pt\\\/home\\\/wp-content\\\/uploads\\\/2021\\\/10\\\/Apal_final_black.png\",\"contentUrl\":\"https:\\\/\\\/apal.pt\\\/home\\\/wp-content\\\/uploads\\\/2021\\\/10\\\/Apal_final_black.png\",\"width\":2048,\"height\":1119,\"caption\":\"Apal - Associa\u00e7\u00e3o Portuguesa do Alum\u00ednio\"},\"image\":{\"@id\":\"https:\\\/\\\/apal.pt\\\/home\\\/#\\\/schema\\\/logo\\\/image\\\/\"},\"sameAs\":[\"https:\\\/\\\/www.facebook.com\\\/apaluminio\\\/?locale=pt_PT\"]},{\"@type\":\"Person\",\"@id\":\"https:\\\/\\\/apal.pt\\\/home\\\/#\\\/schema\\\/person\\\/c235da6bc3c8463b75e4f68b7003ae33\",\"name\":\"admin\",\"image\":{\"@type\":\"ImageObject\",\"inLanguage\":\"en-US\",\"@id\":\"https:\\\/\\\/secure.gravatar.com\\\/avatar\\\/79693450e73a0687de7dfc33863383adc984d69816949931801e757aeebb0b8c?s=96&d=mm&r=g\",\"url\":\"https:\\\/\\\/secure.gravatar.com\\\/avatar\\\/79693450e73a0687de7dfc33863383adc984d69816949931801e757aeebb0b8c?s=96&d=mm&r=g\",\"contentUrl\":\"https:\\\/\\\/secure.gravatar.com\\\/avatar\\\/79693450e73a0687de7dfc33863383adc984d69816949931801e757aeebb0b8c?s=96&d=mm&r=g\",\"caption\":\"admin\"},\"sameAs\":[\"https:\\\/\\\/apal.pt\\\/home\"],\"url\":\"https:\\\/\\\/apal.pt\\\/home\\\/author\\\/admin\\\/\"}]}<\/script>\n<!-- \/ Yoast SEO plugin. -->","yoast_head_json":{"title":"XIV CONGRESSO DE CONSTRU\u00c7\u00c3O MET\u00c1LICA E MISTA - Apal","robots":{"index":"index","follow":"follow","max-snippet":"max-snippet:-1","max-image-preview":"max-image-preview:large","max-video-preview":"max-video-preview:-1"},"canonical":"https:\/\/apal.pt\/home\/xiv-congresso-de-construcao-metalica-e-mista-2\/","og_locale":"en_US","og_type":"article","og_title":"XIV CONGRESSO DE CONSTRU\u00c7\u00c3O MET\u00c1LICA E MISTA - Apal","og_description":"XIV Congresso de Constru\u00e7\u00e3o Met\u00e1lica e Mista 23 e 24 de Novembro de 2023.\u00a0 Convento de S\u00e3o Francisco, Coimbra www.cmm.pt\/congresso14...","og_url":"https:\/\/apal.pt\/home\/xiv-congresso-de-construcao-metalica-e-mista-2\/","og_site_name":"Apal","article_publisher":"https:\/\/www.facebook.com\/apaluminio\/?locale=pt_PT","article_published_time":"2023-04-06T10:18:04+00:00","article_modified_time":"2024-08-09T08:40:37+00:00","og_image":[{"width":631,"height":394,"url":"https:\/\/apal.pt\/home\/wp-content\/uploads\/2023\/04\/congresso-construcao-metalica-e-mista-2023-cmm-00-63d7fc2366e20865652260.jpg","type":"image\/jpeg"}],"author":"admin","twitter_card":"summary_large_image","twitter_misc":{"Written by":"admin","Est. reading time":"1 minute"},"schema":{"@context":"https:\/\/schema.org","@graph":[{"@type":"Article","@id":"https:\/\/apal.pt\/home\/xiv-congresso-de-construcao-metalica-e-mista-2\/#article","isPartOf":{"@id":"https:\/\/apal.pt\/home\/xiv-congresso-de-construcao-metalica-e-mista-2\/"},"author":{"name":"admin","@id":"https:\/\/apal.pt\/home\/#\/schema\/person\/c235da6bc3c8463b75e4f68b7003ae33"},"headline":"XIV CONGRESSO DE CONSTRU\u00c7\u00c3O MET\u00c1LICA E MISTA","datePublished":"2023-04-06T10:18:04+00:00","dateModified":"2024-08-09T08:40:37+00:00","mainEntityOfPage":{"@id":"https:\/\/apal.pt\/home\/xiv-congresso-de-construcao-metalica-e-mista-2\/"},"wordCount":32,"publisher":{"@id":"https:\/\/apal.pt\/home\/#organization"},"image":{"@id":"https:\/\/apal.pt\/home\/xiv-congresso-de-construcao-metalica-e-mista-2\/#primaryimage"},"thumbnailUrl":"https:\/\/apal.pt\/home\/wp-content\/uploads\/2023\/04\/congresso-construcao-metalica-e-mista-2023-cmm-00-63d7fc2366e20865652260.jpg","articleSection":["Eventos","Eventos Apal"],"inLanguage":"en-US"},{"@type":"WebPage","@id":"https:\/\/apal.pt\/home\/xiv-congresso-de-construcao-metalica-e-mista-2\/","url":"https:\/\/apal.pt\/home\/xiv-congresso-de-construcao-metalica-e-mista-2\/","name":"XIV CONGRESSO DE CONSTRU\u00c7\u00c3O MET\u00c1LICA E MISTA - Apal","isPartOf":{"@id":"https:\/\/apal.pt\/home\/#website"},"primaryImageOfPage":{"@id":"https:\/\/apal.pt\/home\/xiv-congresso-de-construcao-metalica-e-mista-2\/#primaryimage"},"image":{"@id":"https:\/\/apal.pt\/home\/xiv-congresso-de-construcao-metalica-e-mista-2\/#primaryimage"},"thumbnailUrl":"https:\/\/apal.pt\/home\/wp-content\/uploads\/2023\/04\/congresso-construcao-metalica-e-mista-2023-cmm-00-63d7fc2366e20865652260.jpg","datePublished":"2023-04-06T10:18:04+00:00","dateModified":"2024-08-09T08:40:37+00:00","breadcrumb":{"@id":"https:\/\/apal.pt\/home\/xiv-congresso-de-construcao-metalica-e-mista-2\/#breadcrumb"},"inLanguage":"en-US","potentialAction":[{"@type":"ReadAction","target":["https:\/\/apal.pt\/home\/xiv-congresso-de-construcao-metalica-e-mista-2\/"]}]},{"@type":"ImageObject","inLanguage":"en-US","@id":"https:\/\/apal.pt\/home\/xiv-congresso-de-construcao-metalica-e-mista-2\/#primaryimage","url":"https:\/\/apal.pt\/home\/wp-content\/uploads\/2023\/04\/congresso-construcao-metalica-e-mista-2023-cmm-00-63d7fc2366e20865652260.jpg","contentUrl":"https:\/\/apal.pt\/home\/wp-content\/uploads\/2023\/04\/congresso-construcao-metalica-e-mista-2023-cmm-00-63d7fc2366e20865652260.jpg","width":631,"height":394},{"@type":"BreadcrumbList","@id":"https:\/\/apal.pt\/home\/xiv-congresso-de-construcao-metalica-e-mista-2\/#breadcrumb","itemListElement":[{"@type":"ListItem","position":1,"name":"Home","item":"https:\/\/apal.pt\/home\/"},{"@type":"ListItem","position":2,"name":"XIV CONGRESSO DE CONSTRU\u00c7\u00c3O MET\u00c1LICA E MISTA"}]},{"@type":"WebSite","@id":"https:\/\/apal.pt\/home\/#website","url":"https:\/\/apal.pt\/home\/","name":"Apal","description":"Associa\u00e7\u00e3o Portuguesa do Alum\u00ednio","publisher":{"@id":"https:\/\/apal.pt\/home\/#organization"},"potentialAction":[{"@type":"SearchAction","target":{"@type":"EntryPoint","urlTemplate":"https:\/\/apal.pt\/home\/?s={search_term_string}"},"query-input":{"@type":"PropertyValueSpecification","valueRequired":true,"valueName":"search_term_string"}}],"inLanguage":"en-US"},{"@type":"Organization","@id":"https:\/\/apal.pt\/home\/#organization","name":"Apal - Associa\u00e7\u00e3o Portuguesa do Alum\u00ednio","url":"https:\/\/apal.pt\/home\/","logo":{"@type":"ImageObject","inLanguage":"en-US","@id":"https:\/\/apal.pt\/home\/#\/schema\/logo\/image\/","url":"https:\/\/apal.pt\/home\/wp-content\/uploads\/2021\/10\/Apal_final_black.png","contentUrl":"https:\/\/apal.pt\/home\/wp-content\/uploads\/2021\/10\/Apal_final_black.png","width":2048,"height":1119,"caption":"Apal - Associa\u00e7\u00e3o Portuguesa do Alum\u00ednio"},"image":{"@id":"https:\/\/apal.pt\/home\/#\/schema\/logo\/image\/"},"sameAs":["https:\/\/www.facebook.com\/apaluminio\/?locale=pt_PT"]},{"@type":"Person","@id":"https:\/\/apal.pt\/home\/#\/schema\/person\/c235da6bc3c8463b75e4f68b7003ae33","name":"admin","image":{"@type":"ImageObject","inLanguage":"en-US","@id":"https:\/\/secure.gravatar.com\/avatar\/79693450e73a0687de7dfc33863383adc984d69816949931801e757aeebb0b8c?s=96&d=mm&r=g","url":"https:\/\/secure.gravatar.com\/avatar\/79693450e73a0687de7dfc33863383adc984d69816949931801e757aeebb0b8c?s=96&d=mm&r=g","contentUrl":"https:\/\/secure.gravatar.com\/avatar\/79693450e73a0687de7dfc33863383adc984d69816949931801e757aeebb0b8c?s=96&d=mm&r=g","caption":"admin"},"sameAs":["https:\/\/apal.pt\/home"],"url":"https:\/\/apal.pt\/home\/author\/admin\/"}]}},"menu_order":0,"_links":{"self":[{"href":"https:\/\/apal.pt\/home\/wp-json\/wp\/v2\/posts\/28624","targetHints":{"allow":["GET"]}}],"collection":[{"href":"https:\/\/apal.pt\/home\/wp-json\/wp\/v2\/posts"}],"about":[{"href":"https:\/\/apal.pt\/home\/wp-json\/wp\/v2\/types\/post"}],"author":[{"embeddable":true,"href":"https:\/\/apal.pt\/home\/wp-json\/wp\/v2\/users\/1"}],"replies":[{"embeddable":true,"href":"https:\/\/apal.pt\/home\/wp-json\/wp\/v2\/comments?post=28624"}],"version-history":[{"count":0,"href":"https:\/\/apal.pt\/home\/wp-json\/wp\/v2\/posts\/28624\/revisions"}],"wp:featuredmedia":[{"embeddable":true,"href":"https:\/\/apal.pt\/home\/wp-json\/wp\/v2\/media\/28629"}],"wp:attachment":[{"href":"https:\/\/apal.pt\/home\/wp-json\/wp\/v2\/media?parent=28624"}],"wp:term":[{"taxonomy":"category","embeddable":true,"href":"https:\/\/apal.pt\/home\/wp-json\/wp\/v2\/categories?post=28624"},{"taxonomy":"post_tag","embeddable":true,"href":"https:\/\/apal.pt\/home\/wp-json\/wp\/v2\/tags?post=28624"}],"curies":[{"name":"wp","href":"https:\/\/api.w.org\/{rel}","templated":true}]}}