{"id":32758,"date":"2024-01-03T01:42:42","date_gmt":"2024-01-03T01:42:42","guid":{"rendered":"https:\/\/apal.pt\/home\/?p=32758"},"modified":"2024-08-08T20:25:34","modified_gmt":"2024-08-08T20:25:34","slug":"apal-no-congresso-da-cmm","status":"publish","type":"post","link":"https:\/\/apal.pt\/home\/apal-no-congresso-da-cmm\/","title":{"rendered":"CONGRESSO DE CONSTRU\u00c7\u00c3O MET\u00c1LICA E MISTA"},"content":{"rendered":"\t\t<div data-elementor-type=\"wp-post\" data-elementor-id=\"32758\" class=\"elementor elementor-32758\" data-elementor-post-type=\"post\">\n\t\t\t\t\t\t<section class=\"elementor-section elementor-top-section elementor-element elementor-element-c109003 elementor-section-boxed elementor-section-height-default elementor-section-height-default\" data-id=\"c109003\" data-element_type=\"section\" data-e-type=\"section\">\r\n\t\t\t\t\t\t<div class=\"elementor-container elementor-column-gap-thegem\"><div class=\"elementor-row\">\r\n\t\t\t\t\t<div class=\"elementor-column elementor-col-50 elementor-top-column elementor-element elementor-element-557dfe3\" data-id=\"557dfe3\" data-element_type=\"column\" data-e-type=\"column\">\n\t\t\t<div class=\"elementor-widget-wrap elementor-element-populated\">\n\t\t\t\t\t\t<div class=\"elementor-element elementor-element-3a621fd flex-horizontal-align-default flex-horizontal-align-tablet-default flex-horizontal-align-mobile-default flex-vertical-align-default flex-vertical-align-tablet-default flex-vertical-align-mobile-default elementor-widget elementor-widget-image\" data-id=\"3a621fd\" data-element_type=\"widget\" data-e-type=\"widget\" data-widget_type=\"image.default\">\n\t\t\t\t<div class=\"elementor-widget-container\">\n\t\t\t\t\t\t\t\t\t\t\t\t\t\t\t<img width=\"2048\" height=\"1536\" src=\"https:\/\/apal.pt\/home\/wp-content\/uploads\/2024\/01\/IMG_0140-scaled.jpg\" class=\"attachment-full size-full wp-image-32782\" alt=\"\" srcset=\"https:\/\/apal.pt\/home\/wp-content\/uploads\/2024\/01\/IMG_0140-scaled.jpg 2048w, https:\/\/apal.pt\/home\/wp-content\/uploads\/2024\/01\/IMG_0140-300x225.jpg 300w, https:\/\/apal.pt\/home\/wp-content\/uploads\/2024\/01\/IMG_0140-1024x768.jpg 1024w, https:\/\/apal.pt\/home\/wp-content\/uploads\/2024\/01\/IMG_0140-768x576.jpg 768w, https:\/\/apal.pt\/home\/wp-content\/uploads\/2024\/01\/IMG_0140-1536x1152.jpg 1536w\" sizes=\"(max-width: 2048px) 100vw, 2048px\" \/>\t\t\t\t\t\t\t\t\t\t\t\t\t\t\t<\/div>\n\t\t\t\t<\/div>\n\t\t\t\t<div class=\"elementor-element elementor-element-0700461 flex-horizontal-align-default flex-horizontal-align-tablet-default flex-horizontal-align-mobile-default flex-vertical-align-default flex-vertical-align-tablet-default flex-vertical-align-mobile-default elementor-widget elementor-widget-image\" data-id=\"0700461\" data-element_type=\"widget\" data-e-type=\"widget\" data-widget_type=\"image.default\">\n\t\t\t\t<div class=\"elementor-widget-container\">\n\t\t\t\t\t\t\t\t\t\t\t\t\t\t\t<img width=\"1024\" height=\"768\" src=\"https:\/\/apal.pt\/home\/wp-content\/uploads\/2024\/01\/7b0ed8d5-fb66-428e-876d-f7adebd7fe18-copia.jpg\" class=\"attachment-full size-full wp-image-32778\" alt=\"\" srcset=\"https:\/\/apal.pt\/home\/wp-content\/uploads\/2024\/01\/7b0ed8d5-fb66-428e-876d-f7adebd7fe18-copia.jpg 1024w, https:\/\/apal.pt\/home\/wp-content\/uploads\/2024\/01\/7b0ed8d5-fb66-428e-876d-f7adebd7fe18-copia-300x225.jpg 300w, https:\/\/apal.pt\/home\/wp-content\/uploads\/2024\/01\/7b0ed8d5-fb66-428e-876d-f7adebd7fe18-copia-768x576.jpg 768w\" sizes=\"(max-width: 1024px) 100vw, 1024px\" \/>\t\t\t\t\t\t\t\t\t\t\t\t\t\t\t<\/div>\n\t\t\t\t<\/div>\n\t\t\t\t\t<\/div>\n\t\t<\/div>\n\t\t\t\t<div class=\"elementor-column elementor-col-50 elementor-top-column elementor-element elementor-element-b103e96\" data-id=\"b103e96\" data-element_type=\"column\" data-e-type=\"column\">\n\t\t\t<div class=\"elementor-widget-wrap elementor-element-populated\">\n\t\t\t\t\t\t<div class=\"elementor-element elementor-element-70d5378 flex-horizontal-align-default flex-horizontal-align-tablet-default flex-horizontal-align-mobile-default flex-vertical-align-default flex-vertical-align-tablet-default flex-vertical-align-mobile-default elementor-widget elementor-widget-text-editor\" data-id=\"70d5378\" data-element_type=\"widget\" data-e-type=\"widget\" data-widget_type=\"text-editor.default\">\n\t\t\t\t<div class=\"elementor-widget-container\">\n\t\t\t\t\t\t\t\t\t\t\t\t<div class=\"elementor-text-editor elementor-clearfix\">\r\n\t\t\t\t\t\t<p>Em conjunto com os associados Chemetall, Godilac, Internacional Paint Ib\u00e9ria e Eurogalva, a APAL marcou presen\u00e7a no Congresso de Constru\u00e7\u00e3o Met\u00e1lica e Mista &#8211; CMM, nos dias 23 e 24 de novembro, em Coimbra, apresentando inova\u00e7\u00f5es e solu\u00e7\u00f5es do setor.<\/p><p>\u00a0<\/p><p>Foi com muito entusiasmo que a APAL apresentou a \u201cQUALISTEELCOAT &#8211; Licen\u00e7a de Marca de Qualidade Internacional para a Lacagem do A\u00e7o \u2013 Tratamento anticorrosivo e decorativo\u201d e o artigo \u201cProte\u00e7\u00e3o contra a corros\u00e3o de estruturas de a\u00e7o com tintas em p\u00f3: a import\u00e2ncia do controlo de qualidade durante a aplica\u00e7\u00e3o\u201d.<\/p><p>\u00a0<\/p><p>O Congresso, com um n\u00famero recorde de participantes, foi uma oportunidade de aprendizagem e de fortalecimento das redes de \u2018networking\u2019.<\/p>\t\t\t\t\t\t\t<\/div>\r\n\t\t\t\t\t\t\t\t\t\t<\/div>\n\t\t\t\t<\/div>\n\t\t\t\t<div class=\"elementor-element elementor-element-b106b67 flex-horizontal-align-default flex-horizontal-align-tablet-default flex-horizontal-align-mobile-default flex-vertical-align-default flex-vertical-align-tablet-default flex-vertical-align-mobile-default elementor-widget elementor-widget-image\" data-id=\"b106b67\" data-element_type=\"widget\" data-e-type=\"widget\" data-widget_type=\"image.default\">\n\t\t\t\t<div class=\"elementor-widget-container\">\n\t\t\t\t\t\t\t\t\t\t\t\t\t\t\t<img width=\"2048\" height=\"1536\" src=\"https:\/\/apal.pt\/home\/wp-content\/uploads\/2024\/01\/IMG_0165-scaled.jpg\" class=\"attachment-full size-full wp-image-32783\" alt=\"\" srcset=\"https:\/\/apal.pt\/home\/wp-content\/uploads\/2024\/01\/IMG_0165-scaled.jpg 2048w, https:\/\/apal.pt\/home\/wp-content\/uploads\/2024\/01\/IMG_0165-300x225.jpg 300w, https:\/\/apal.pt\/home\/wp-content\/uploads\/2024\/01\/IMG_0165-1024x768.jpg 1024w, https:\/\/apal.pt\/home\/wp-content\/uploads\/2024\/01\/IMG_0165-768x576.jpg 768w, https:\/\/apal.pt\/home\/wp-content\/uploads\/2024\/01\/IMG_0165-1536x1152.jpg 1536w\" sizes=\"(max-width: 2048px) 100vw, 2048px\" \/>\t\t\t\t\t\t\t\t\t\t\t\t\t\t\t<\/div>\n\t\t\t\t<\/div>\n\t\t\t\t\t<\/div>\n\t\t<\/div>\n\t\t\t\t\t<\/div><\/div>\r\n\t\t<\/section>\r\n\t\t\t\t<\/div>\n\t\t","protected":false},"excerpt":{"rendered":"<p>Em conjunto com os associados Chemetall, Godilac, Internacional Paint Ib\u00e9ria e Eurogalva, a APAL marcou presen\u00e7a no Congresso de Constru\u00e7\u00e3o Met\u00e1lica e Mista \u2013 CMM<\/p>\n","protected":false},"author":1,"featured_media":32782,"comment_status":"closed","ping_status":"closed","sticky":false,"template":"single-fullwidth.php","format":"standard","meta":{"footnotes":""},"categories":[109],"tags":[],"class_list":{"0":"post-32758","1":"post","2":"type-post","3":"status-publish","4":"format-standard","5":"has-post-thumbnail","7":"category-noticias"},"yoast_head":"<!-- This site is optimized with the Yoast SEO plugin v27.4 - https:\/\/yoast.com\/product\/yoast-seo-wordpress\/ -->\n<title>CONGRESSO DE CONSTRU\u00c7\u00c3O MET\u00c1LICA E MISTA - Apal<\/title>\n<meta name=\"robots\" content=\"index, follow, max-snippet:-1, max-image-preview:large, max-video-preview:-1\" \/>\n<link rel=\"canonical\" href=\"https:\/\/apal.pt\/home\/apal-no-congresso-da-cmm\/\" \/>\n<meta property=\"og:locale\" content=\"en_US\" \/>\n<meta property=\"og:type\" content=\"article\" \/>\n<meta property=\"og:title\" content=\"CONGRESSO DE CONSTRU\u00c7\u00c3O MET\u00c1LICA E MISTA - Apal\" \/>\n<meta property=\"og:description\" content=\"Em conjunto com os associados Chemetall, Godilac, Internacional Paint Ib\u00e9ria e Eurogalva, a APAL marcou presen\u00e7a no Congresso de Constru\u00e7\u00e3o Met\u00e1lica e Mista \u2013 CMM\" \/>\n<meta property=\"og:url\" content=\"https:\/\/apal.pt\/home\/apal-no-congresso-da-cmm\/\" \/>\n<meta property=\"og:site_name\" content=\"Apal\" \/>\n<meta property=\"article:publisher\" content=\"https:\/\/www.facebook.com\/apaluminio\/?locale=pt_PT\" \/>\n<meta property=\"article:published_time\" content=\"2024-01-03T01:42:42+00:00\" \/>\n<meta property=\"article:modified_time\" content=\"2024-08-08T20:25:34+00:00\" \/>\n<meta property=\"og:image\" content=\"https:\/\/apal.pt\/home\/wp-content\/uploads\/2024\/01\/IMG_0140-scaled.jpg\" \/>\n\t<meta property=\"og:image:width\" content=\"2560\" \/>\n\t<meta property=\"og:image:height\" content=\"1920\" \/>\n\t<meta property=\"og:image:type\" content=\"image\/jpeg\" \/>\n<meta name=\"author\" content=\"admin\" \/>\n<meta name=\"twitter:card\" content=\"summary_large_image\" \/>\n<meta name=\"twitter:label1\" content=\"Written by\" \/>\n\t<meta name=\"twitter:data1\" content=\"admin\" \/>\n\t<meta name=\"twitter:label2\" content=\"Est. reading time\" \/>\n\t<meta name=\"twitter:data2\" content=\"2 minutes\" \/>\n<script type=\"application\/ld+json\" class=\"yoast-schema-graph\">{\"@context\":\"https:\\\/\\\/schema.org\",\"@graph\":[{\"@type\":\"Article\",\"@id\":\"https:\\\/\\\/apal.pt\\\/home\\\/apal-no-congresso-da-cmm\\\/#article\",\"isPartOf\":{\"@id\":\"https:\\\/\\\/apal.pt\\\/home\\\/apal-no-congresso-da-cmm\\\/\"},\"author\":{\"name\":\"admin\",\"@id\":\"https:\\\/\\\/apal.pt\\\/home\\\/#\\\/schema\\\/person\\\/c235da6bc3c8463b75e4f68b7003ae33\"},\"headline\":\"CONGRESSO DE CONSTRU\u00c7\u00c3O MET\u00c1LICA E MISTA\",\"datePublished\":\"2024-01-03T01:42:42+00:00\",\"dateModified\":\"2024-08-08T20:25:34+00:00\",\"mainEntityOfPage\":{\"@id\":\"https:\\\/\\\/apal.pt\\\/home\\\/apal-no-congresso-da-cmm\\\/\"},\"wordCount\":130,\"publisher\":{\"@id\":\"https:\\\/\\\/apal.pt\\\/home\\\/#organization\"},\"image\":{\"@id\":\"https:\\\/\\\/apal.pt\\\/home\\\/apal-no-congresso-da-cmm\\\/#primaryimage\"},\"thumbnailUrl\":\"https:\\\/\\\/apal.pt\\\/home\\\/wp-content\\\/uploads\\\/2024\\\/01\\\/IMG_0140-scaled.jpg\",\"articleSection\":[\"Not\u00edcias\"],\"inLanguage\":\"en-US\"},{\"@type\":\"WebPage\",\"@id\":\"https:\\\/\\\/apal.pt\\\/home\\\/apal-no-congresso-da-cmm\\\/\",\"url\":\"https:\\\/\\\/apal.pt\\\/home\\\/apal-no-congresso-da-cmm\\\/\",\"name\":\"CONGRESSO DE CONSTRU\u00c7\u00c3O MET\u00c1LICA E MISTA - Apal\",\"isPartOf\":{\"@id\":\"https:\\\/\\\/apal.pt\\\/home\\\/#website\"},\"primaryImageOfPage\":{\"@id\":\"https:\\\/\\\/apal.pt\\\/home\\\/apal-no-congresso-da-cmm\\\/#primaryimage\"},\"image\":{\"@id\":\"https:\\\/\\\/apal.pt\\\/home\\\/apal-no-congresso-da-cmm\\\/#primaryimage\"},\"thumbnailUrl\":\"https:\\\/\\\/apal.pt\\\/home\\\/wp-content\\\/uploads\\\/2024\\\/01\\\/IMG_0140-scaled.jpg\",\"datePublished\":\"2024-01-03T01:42:42+00:00\",\"dateModified\":\"2024-08-08T20:25:34+00:00\",\"breadcrumb\":{\"@id\":\"https:\\\/\\\/apal.pt\\\/home\\\/apal-no-congresso-da-cmm\\\/#breadcrumb\"},\"inLanguage\":\"en-US\",\"potentialAction\":[{\"@type\":\"ReadAction\",\"target\":[\"https:\\\/\\\/apal.pt\\\/home\\\/apal-no-congresso-da-cmm\\\/\"]}]},{\"@type\":\"ImageObject\",\"inLanguage\":\"en-US\",\"@id\":\"https:\\\/\\\/apal.pt\\\/home\\\/apal-no-congresso-da-cmm\\\/#primaryimage\",\"url\":\"https:\\\/\\\/apal.pt\\\/home\\\/wp-content\\\/uploads\\\/2024\\\/01\\\/IMG_0140-scaled.jpg\",\"contentUrl\":\"https:\\\/\\\/apal.pt\\\/home\\\/wp-content\\\/uploads\\\/2024\\\/01\\\/IMG_0140-scaled.jpg\",\"width\":2048,\"height\":1536},{\"@type\":\"BreadcrumbList\",\"@id\":\"https:\\\/\\\/apal.pt\\\/home\\\/apal-no-congresso-da-cmm\\\/#breadcrumb\",\"itemListElement\":[{\"@type\":\"ListItem\",\"position\":1,\"name\":\"Home\",\"item\":\"https:\\\/\\\/apal.pt\\\/home\\\/\"},{\"@type\":\"ListItem\",\"position\":2,\"name\":\"CONGRESSO DE CONSTRU\u00c7\u00c3O MET\u00c1LICA E MISTA\"}]},{\"@type\":\"WebSite\",\"@id\":\"https:\\\/\\\/apal.pt\\\/home\\\/#website\",\"url\":\"https:\\\/\\\/apal.pt\\\/home\\\/\",\"name\":\"Apal\",\"description\":\"Associa\u00e7\u00e3o Portuguesa do Alum\u00ednio\",\"publisher\":{\"@id\":\"https:\\\/\\\/apal.pt\\\/home\\\/#organization\"},\"potentialAction\":[{\"@type\":\"SearchAction\",\"target\":{\"@type\":\"EntryPoint\",\"urlTemplate\":\"https:\\\/\\\/apal.pt\\\/home\\\/?s={search_term_string}\"},\"query-input\":{\"@type\":\"PropertyValueSpecification\",\"valueRequired\":true,\"valueName\":\"search_term_string\"}}],\"inLanguage\":\"en-US\"},{\"@type\":\"Organization\",\"@id\":\"https:\\\/\\\/apal.pt\\\/home\\\/#organization\",\"name\":\"Apal - Associa\u00e7\u00e3o Portuguesa do Alum\u00ednio\",\"url\":\"https:\\\/\\\/apal.pt\\\/home\\\/\",\"logo\":{\"@type\":\"ImageObject\",\"inLanguage\":\"en-US\",\"@id\":\"https:\\\/\\\/apal.pt\\\/home\\\/#\\\/schema\\\/logo\\\/image\\\/\",\"url\":\"https:\\\/\\\/apal.pt\\\/home\\\/wp-content\\\/uploads\\\/2021\\\/10\\\/Apal_final_black.png\",\"contentUrl\":\"https:\\\/\\\/apal.pt\\\/home\\\/wp-content\\\/uploads\\\/2021\\\/10\\\/Apal_final_black.png\",\"width\":2048,\"height\":1119,\"caption\":\"Apal - Associa\u00e7\u00e3o Portuguesa do Alum\u00ednio\"},\"image\":{\"@id\":\"https:\\\/\\\/apal.pt\\\/home\\\/#\\\/schema\\\/logo\\\/image\\\/\"},\"sameAs\":[\"https:\\\/\\\/www.facebook.com\\\/apaluminio\\\/?locale=pt_PT\"]},{\"@type\":\"Person\",\"@id\":\"https:\\\/\\\/apal.pt\\\/home\\\/#\\\/schema\\\/person\\\/c235da6bc3c8463b75e4f68b7003ae33\",\"name\":\"admin\",\"image\":{\"@type\":\"ImageObject\",\"inLanguage\":\"en-US\",\"@id\":\"https:\\\/\\\/secure.gravatar.com\\\/avatar\\\/79693450e73a0687de7dfc33863383adc984d69816949931801e757aeebb0b8c?s=96&d=mm&r=g\",\"url\":\"https:\\\/\\\/secure.gravatar.com\\\/avatar\\\/79693450e73a0687de7dfc33863383adc984d69816949931801e757aeebb0b8c?s=96&d=mm&r=g\",\"contentUrl\":\"https:\\\/\\\/secure.gravatar.com\\\/avatar\\\/79693450e73a0687de7dfc33863383adc984d69816949931801e757aeebb0b8c?s=96&d=mm&r=g\",\"caption\":\"admin\"},\"sameAs\":[\"https:\\\/\\\/apal.pt\\\/home\"],\"url\":\"https:\\\/\\\/apal.pt\\\/home\\\/author\\\/admin\\\/\"}]}<\/script>\n<!-- \/ Yoast SEO plugin. -->","yoast_head_json":{"title":"CONGRESSO DE CONSTRU\u00c7\u00c3O MET\u00c1LICA E MISTA - Apal","robots":{"index":"index","follow":"follow","max-snippet":"max-snippet:-1","max-image-preview":"max-image-preview:large","max-video-preview":"max-video-preview:-1"},"canonical":"https:\/\/apal.pt\/home\/apal-no-congresso-da-cmm\/","og_locale":"en_US","og_type":"article","og_title":"CONGRESSO DE CONSTRU\u00c7\u00c3O MET\u00c1LICA E MISTA - Apal","og_description":"Em conjunto com os associados Chemetall, Godilac, Internacional Paint Ib\u00e9ria e Eurogalva, a APAL marcou presen\u00e7a no Congresso de Constru\u00e7\u00e3o Met\u00e1lica e Mista \u2013 CMM","og_url":"https:\/\/apal.pt\/home\/apal-no-congresso-da-cmm\/","og_site_name":"Apal","article_publisher":"https:\/\/www.facebook.com\/apaluminio\/?locale=pt_PT","article_published_time":"2024-01-03T01:42:42+00:00","article_modified_time":"2024-08-08T20:25:34+00:00","og_image":[{"width":2560,"height":1920,"url":"https:\/\/apal.pt\/home\/wp-content\/uploads\/2024\/01\/IMG_0140-scaled.jpg","type":"image\/jpeg"}],"author":"admin","twitter_card":"summary_large_image","twitter_misc":{"Written by":"admin","Est. reading time":"2 minutes"},"schema":{"@context":"https:\/\/schema.org","@graph":[{"@type":"Article","@id":"https:\/\/apal.pt\/home\/apal-no-congresso-da-cmm\/#article","isPartOf":{"@id":"https:\/\/apal.pt\/home\/apal-no-congresso-da-cmm\/"},"author":{"name":"admin","@id":"https:\/\/apal.pt\/home\/#\/schema\/person\/c235da6bc3c8463b75e4f68b7003ae33"},"headline":"CONGRESSO DE CONSTRU\u00c7\u00c3O MET\u00c1LICA E MISTA","datePublished":"2024-01-03T01:42:42+00:00","dateModified":"2024-08-08T20:25:34+00:00","mainEntityOfPage":{"@id":"https:\/\/apal.pt\/home\/apal-no-congresso-da-cmm\/"},"wordCount":130,"publisher":{"@id":"https:\/\/apal.pt\/home\/#organization"},"image":{"@id":"https:\/\/apal.pt\/home\/apal-no-congresso-da-cmm\/#primaryimage"},"thumbnailUrl":"https:\/\/apal.pt\/home\/wp-content\/uploads\/2024\/01\/IMG_0140-scaled.jpg","articleSection":["Not\u00edcias"],"inLanguage":"en-US"},{"@type":"WebPage","@id":"https:\/\/apal.pt\/home\/apal-no-congresso-da-cmm\/","url":"https:\/\/apal.pt\/home\/apal-no-congresso-da-cmm\/","name":"CONGRESSO DE CONSTRU\u00c7\u00c3O MET\u00c1LICA E MISTA - Apal","isPartOf":{"@id":"https:\/\/apal.pt\/home\/#website"},"primaryImageOfPage":{"@id":"https:\/\/apal.pt\/home\/apal-no-congresso-da-cmm\/#primaryimage"},"image":{"@id":"https:\/\/apal.pt\/home\/apal-no-congresso-da-cmm\/#primaryimage"},"thumbnailUrl":"https:\/\/apal.pt\/home\/wp-content\/uploads\/2024\/01\/IMG_0140-scaled.jpg","datePublished":"2024-01-03T01:42:42+00:00","dateModified":"2024-08-08T20:25:34+00:00","breadcrumb":{"@id":"https:\/\/apal.pt\/home\/apal-no-congresso-da-cmm\/#breadcrumb"},"inLanguage":"en-US","potentialAction":[{"@type":"ReadAction","target":["https:\/\/apal.pt\/home\/apal-no-congresso-da-cmm\/"]}]},{"@type":"ImageObject","inLanguage":"en-US","@id":"https:\/\/apal.pt\/home\/apal-no-congresso-da-cmm\/#primaryimage","url":"https:\/\/apal.pt\/home\/wp-content\/uploads\/2024\/01\/IMG_0140-scaled.jpg","contentUrl":"https:\/\/apal.pt\/home\/wp-content\/uploads\/2024\/01\/IMG_0140-scaled.jpg","width":2048,"height":1536},{"@type":"BreadcrumbList","@id":"https:\/\/apal.pt\/home\/apal-no-congresso-da-cmm\/#breadcrumb","itemListElement":[{"@type":"ListItem","position":1,"name":"Home","item":"https:\/\/apal.pt\/home\/"},{"@type":"ListItem","position":2,"name":"CONGRESSO DE CONSTRU\u00c7\u00c3O MET\u00c1LICA E MISTA"}]},{"@type":"WebSite","@id":"https:\/\/apal.pt\/home\/#website","url":"https:\/\/apal.pt\/home\/","name":"Apal","description":"Associa\u00e7\u00e3o Portuguesa do Alum\u00ednio","publisher":{"@id":"https:\/\/apal.pt\/home\/#organization"},"potentialAction":[{"@type":"SearchAction","target":{"@type":"EntryPoint","urlTemplate":"https:\/\/apal.pt\/home\/?s={search_term_string}"},"query-input":{"@type":"PropertyValueSpecification","valueRequired":true,"valueName":"search_term_string"}}],"inLanguage":"en-US"},{"@type":"Organization","@id":"https:\/\/apal.pt\/home\/#organization","name":"Apal - Associa\u00e7\u00e3o Portuguesa do Alum\u00ednio","url":"https:\/\/apal.pt\/home\/","logo":{"@type":"ImageObject","inLanguage":"en-US","@id":"https:\/\/apal.pt\/home\/#\/schema\/logo\/image\/","url":"https:\/\/apal.pt\/home\/wp-content\/uploads\/2021\/10\/Apal_final_black.png","contentUrl":"https:\/\/apal.pt\/home\/wp-content\/uploads\/2021\/10\/Apal_final_black.png","width":2048,"height":1119,"caption":"Apal - Associa\u00e7\u00e3o Portuguesa do Alum\u00ednio"},"image":{"@id":"https:\/\/apal.pt\/home\/#\/schema\/logo\/image\/"},"sameAs":["https:\/\/www.facebook.com\/apaluminio\/?locale=pt_PT"]},{"@type":"Person","@id":"https:\/\/apal.pt\/home\/#\/schema\/person\/c235da6bc3c8463b75e4f68b7003ae33","name":"admin","image":{"@type":"ImageObject","inLanguage":"en-US","@id":"https:\/\/secure.gravatar.com\/avatar\/79693450e73a0687de7dfc33863383adc984d69816949931801e757aeebb0b8c?s=96&d=mm&r=g","url":"https:\/\/secure.gravatar.com\/avatar\/79693450e73a0687de7dfc33863383adc984d69816949931801e757aeebb0b8c?s=96&d=mm&r=g","contentUrl":"https:\/\/secure.gravatar.com\/avatar\/79693450e73a0687de7dfc33863383adc984d69816949931801e757aeebb0b8c?s=96&d=mm&r=g","caption":"admin"},"sameAs":["https:\/\/apal.pt\/home"],"url":"https:\/\/apal.pt\/home\/author\/admin\/"}]}},"menu_order":0,"_links":{"self":[{"href":"https:\/\/apal.pt\/home\/wp-json\/wp\/v2\/posts\/32758","targetHints":{"allow":["GET"]}}],"collection":[{"href":"https:\/\/apal.pt\/home\/wp-json\/wp\/v2\/posts"}],"about":[{"href":"https:\/\/apal.pt\/home\/wp-json\/wp\/v2\/types\/post"}],"author":[{"embeddable":true,"href":"https:\/\/apal.pt\/home\/wp-json\/wp\/v2\/users\/1"}],"replies":[{"embeddable":true,"href":"https:\/\/apal.pt\/home\/wp-json\/wp\/v2\/comments?post=32758"}],"version-history":[{"count":0,"href":"https:\/\/apal.pt\/home\/wp-json\/wp\/v2\/posts\/32758\/revisions"}],"wp:featuredmedia":[{"embeddable":true,"href":"https:\/\/apal.pt\/home\/wp-json\/wp\/v2\/media\/32782"}],"wp:attachment":[{"href":"https:\/\/apal.pt\/home\/wp-json\/wp\/v2\/media?parent=32758"}],"wp:term":[{"taxonomy":"category","embeddable":true,"href":"https:\/\/apal.pt\/home\/wp-json\/wp\/v2\/categories?post=32758"},{"taxonomy":"post_tag","embeddable":true,"href":"https:\/\/apal.pt\/home\/wp-json\/wp\/v2\/tags?post=32758"}],"curies":[{"name":"wp","href":"https:\/\/api.w.org\/{rel}","templated":true}]}}