{"id":32760,"date":"2024-01-03T23:49:44","date_gmt":"2024-01-03T23:49:44","guid":{"rendered":"https:\/\/apal.pt\/home\/?p=32760"},"modified":"2024-08-08T13:21:35","modified_gmt":"2024-08-08T13:21:35","slug":"apal-em-budapeste","status":"publish","type":"post","link":"https:\/\/apal.pt\/home\/apal-em-budapeste\/","title":{"rendered":"ESTAL 2023"},"content":{"rendered":"\t\t<div data-elementor-type=\"wp-post\" data-elementor-id=\"32760\" class=\"elementor elementor-32760\" data-elementor-post-type=\"post\">\n\t\t\t\t\t\t<section class=\"elementor-section elementor-top-section elementor-element elementor-element-c109003 elementor-section-boxed elementor-section-height-default elementor-section-height-default\" data-id=\"c109003\" data-element_type=\"section\" data-e-type=\"section\">\r\n\t\t\t\t\t\t<div class=\"elementor-container elementor-column-gap-thegem\"><div class=\"elementor-row\">\r\n\t\t\t\t\t<div class=\"elementor-column elementor-col-50 elementor-top-column elementor-element elementor-element-557dfe3\" data-id=\"557dfe3\" data-element_type=\"column\" data-e-type=\"column\">\n\t\t\t<div class=\"elementor-widget-wrap elementor-element-populated\">\n\t\t\t\t\t\t<div class=\"elementor-element elementor-element-b106b67 flex-horizontal-align-default flex-horizontal-align-tablet-default flex-horizontal-align-mobile-default flex-vertical-align-default flex-vertical-align-tablet-default flex-vertical-align-mobile-default elementor-widget elementor-widget-image\" data-id=\"b106b67\" data-element_type=\"widget\" data-e-type=\"widget\" data-widget_type=\"image.default\">\n\t\t\t\t<div class=\"elementor-widget-container\">\n\t\t\t\t\t\t\t\t\t\t\t\t\t\t\t<img width=\"2048\" height=\"1088\" src=\"https:\/\/apal.pt\/home\/wp-content\/uploads\/2024\/01\/082-IMG_20230928_150900-scaled.jpg\" class=\"attachment-full size-full wp-image-32789\" alt=\"\" srcset=\"https:\/\/apal.pt\/home\/wp-content\/uploads\/2024\/01\/082-IMG_20230928_150900-scaled.jpg 2048w, https:\/\/apal.pt\/home\/wp-content\/uploads\/2024\/01\/082-IMG_20230928_150900-300x159.jpg 300w, https:\/\/apal.pt\/home\/wp-content\/uploads\/2024\/01\/082-IMG_20230928_150900-1024x544.jpg 1024w, https:\/\/apal.pt\/home\/wp-content\/uploads\/2024\/01\/082-IMG_20230928_150900-768x408.jpg 768w, https:\/\/apal.pt\/home\/wp-content\/uploads\/2024\/01\/082-IMG_20230928_150900-1536x816.jpg 1536w\" sizes=\"(max-width: 2048px) 100vw, 2048px\" \/>\t\t\t\t\t\t\t\t\t\t\t\t\t\t\t<\/div>\n\t\t\t\t<\/div>\n\t\t\t\t<div class=\"elementor-element elementor-element-67e8ee0 flex-horizontal-align-default flex-horizontal-align-tablet-default flex-horizontal-align-mobile-default flex-vertical-align-default flex-vertical-align-tablet-default flex-vertical-align-mobile-default elementor-widget elementor-widget-image\" data-id=\"67e8ee0\" data-element_type=\"widget\" data-e-type=\"widget\" data-widget_type=\"image.default\">\n\t\t\t\t<div class=\"elementor-widget-container\">\n\t\t\t\t\t\t\t\t\t\t\t\t\t\t\t<img width=\"2048\" height=\"1216\" src=\"https:\/\/apal.pt\/home\/wp-content\/uploads\/2024\/01\/17-IMG_8677.jpg\" class=\"attachment-full size-full wp-image-32787\" alt=\"\" srcset=\"https:\/\/apal.pt\/home\/wp-content\/uploads\/2024\/01\/17-IMG_8677.jpg 2048w, https:\/\/apal.pt\/home\/wp-content\/uploads\/2024\/01\/17-IMG_8677-300x178.jpg 300w, https:\/\/apal.pt\/home\/wp-content\/uploads\/2024\/01\/17-IMG_8677-1024x608.jpg 1024w, https:\/\/apal.pt\/home\/wp-content\/uploads\/2024\/01\/17-IMG_8677-768x456.jpg 768w, https:\/\/apal.pt\/home\/wp-content\/uploads\/2024\/01\/17-IMG_8677-1536x912.jpg 1536w\" sizes=\"(max-width: 2048px) 100vw, 2048px\" \/>\t\t\t\t\t\t\t\t\t\t\t\t\t\t\t<\/div>\n\t\t\t\t<\/div>\n\t\t\t\t\t<\/div>\n\t\t<\/div>\n\t\t\t\t<div class=\"elementor-column elementor-col-50 elementor-top-column elementor-element elementor-element-b103e96\" data-id=\"b103e96\" data-element_type=\"column\" data-e-type=\"column\">\n\t\t\t<div class=\"elementor-widget-wrap elementor-element-populated\">\n\t\t\t\t\t\t<div class=\"elementor-element elementor-element-70d5378 flex-horizontal-align-default flex-horizontal-align-tablet-default flex-horizontal-align-mobile-default flex-vertical-align-default flex-vertical-align-tablet-default flex-vertical-align-mobile-default elementor-widget elementor-widget-text-editor\" data-id=\"70d5378\" data-element_type=\"widget\" data-e-type=\"widget\" data-widget_type=\"text-editor.default\">\n\t\t\t\t<div class=\"elementor-widget-container\">\n\t\t\t\t\t\t\t\t\t\t\t\t<div class=\"elementor-text-editor elementor-clearfix\">\r\n\t\t\t\t\t\t<p>A APAL participou no Congresso ESTAL 2023, que decorreu de 27 a 29 de setembro, em Budapeste. Neste evento que reuniu especialistas do setor de toda a Europa, abordaram-se as solu\u00e7\u00f5es sustent\u00e1veis para o tratamento de superf\u00edcies de alum\u00ednio e os desafios futuros da ind\u00fastria. Al\u00e9m das sess\u00f5es do congresso, a equipa da APAL teve ainda a oportunidade de explorar Budapeste, visitando os edif\u00edcios recentemente renovados no \u00e2mbito da constru\u00e7\u00e3o sustent\u00e1vel.<span class=\"Apple-converted-space\">\u00a0<\/span><\/p>\t\t\t\t\t\t\t<\/div>\r\n\t\t\t\t\t\t\t\t\t\t<\/div>\n\t\t\t\t<\/div>\n\t\t\t\t<div class=\"elementor-element elementor-element-e44cccc flex-horizontal-align-default flex-horizontal-align-tablet-default flex-horizontal-align-mobile-default flex-vertical-align-default flex-vertical-align-tablet-default flex-vertical-align-mobile-default elementor-widget elementor-widget-image\" data-id=\"e44cccc\" data-element_type=\"widget\" data-e-type=\"widget\" data-widget_type=\"image.default\">\n\t\t\t\t<div class=\"elementor-widget-container\">\n\t\t\t\t\t\t\t\t\t\t\t\t\t\t\t<img width=\"1791\" height=\"1331\" src=\"https:\/\/apal.pt\/home\/wp-content\/uploads\/2024\/01\/IMG-20231107-WA0014-1-copia.jpg\" class=\"attachment-full size-full wp-image-32788\" alt=\"\" srcset=\"https:\/\/apal.pt\/home\/wp-content\/uploads\/2024\/01\/IMG-20231107-WA0014-1-copia.jpg 1791w, https:\/\/apal.pt\/home\/wp-content\/uploads\/2024\/01\/IMG-20231107-WA0014-1-copia-300x223.jpg 300w, https:\/\/apal.pt\/home\/wp-content\/uploads\/2024\/01\/IMG-20231107-WA0014-1-copia-1024x761.jpg 1024w, https:\/\/apal.pt\/home\/wp-content\/uploads\/2024\/01\/IMG-20231107-WA0014-1-copia-768x571.jpg 768w, https:\/\/apal.pt\/home\/wp-content\/uploads\/2024\/01\/IMG-20231107-WA0014-1-copia-1536x1141.jpg 1536w\" sizes=\"(max-width: 1791px) 100vw, 1791px\" \/>\t\t\t\t\t\t\t\t\t\t\t\t\t\t\t<\/div>\n\t\t\t\t<\/div>\n\t\t\t\t\t<\/div>\n\t\t<\/div>\n\t\t\t\t\t<\/div><\/div>\r\n\t\t<\/section>\r\n\t\t\t\t<\/div>\n\t\t","protected":false},"excerpt":{"rendered":"<p>A APAL participou no Congresso ESTAL 2023, que decorreu de 27 a 29 de setembro, em Budapeste. Neste evento que&#8230;<\/p>\n","protected":false},"author":1,"featured_media":32789,"comment_status":"closed","ping_status":"closed","sticky":false,"template":"single-fullwidth.php","format":"standard","meta":{"footnotes":""},"categories":[109],"tags":[],"class_list":{"0":"post-32760","1":"post","2":"type-post","3":"status-publish","4":"format-standard","5":"has-post-thumbnail","7":"category-noticias"},"yoast_head":"<!-- This site is optimized with the Yoast SEO plugin v27.4 - https:\/\/yoast.com\/product\/yoast-seo-wordpress\/ -->\n<title>ESTAL 2023 - Apal<\/title>\n<meta name=\"robots\" content=\"index, follow, max-snippet:-1, max-image-preview:large, max-video-preview:-1\" \/>\n<link rel=\"canonical\" href=\"https:\/\/apal.pt\/home\/apal-em-budapeste\/\" \/>\n<meta property=\"og:locale\" content=\"en_US\" \/>\n<meta property=\"og:type\" content=\"article\" \/>\n<meta property=\"og:title\" content=\"ESTAL 2023 - Apal\" \/>\n<meta property=\"og:description\" content=\"A APAL participou no Congresso ESTAL 2023, que decorreu de 27 a 29 de setembro, em Budapeste. Neste evento que...\" \/>\n<meta property=\"og:url\" content=\"https:\/\/apal.pt\/home\/apal-em-budapeste\/\" \/>\n<meta property=\"og:site_name\" content=\"Apal\" \/>\n<meta property=\"article:publisher\" content=\"https:\/\/www.facebook.com\/apaluminio\/?locale=pt_PT\" \/>\n<meta property=\"article:published_time\" content=\"2024-01-03T23:49:44+00:00\" \/>\n<meta property=\"article:modified_time\" content=\"2024-08-08T13:21:35+00:00\" \/>\n<meta property=\"og:image\" content=\"https:\/\/apal.pt\/home\/wp-content\/uploads\/2024\/01\/082-IMG_20230928_150900-scaled.jpg\" \/>\n\t<meta property=\"og:image:width\" content=\"2560\" \/>\n\t<meta property=\"og:image:height\" content=\"1360\" \/>\n\t<meta property=\"og:image:type\" content=\"image\/jpeg\" \/>\n<meta name=\"author\" content=\"admin\" \/>\n<meta name=\"twitter:card\" content=\"summary_large_image\" \/>\n<meta name=\"twitter:label1\" content=\"Written by\" \/>\n\t<meta name=\"twitter:data1\" content=\"admin\" \/>\n\t<meta name=\"twitter:label2\" content=\"Est. reading time\" \/>\n\t<meta name=\"twitter:data2\" content=\"2 minutes\" \/>\n<script type=\"application\/ld+json\" class=\"yoast-schema-graph\">{\"@context\":\"https:\\\/\\\/schema.org\",\"@graph\":[{\"@type\":\"Article\",\"@id\":\"https:\\\/\\\/apal.pt\\\/home\\\/apal-em-budapeste\\\/#article\",\"isPartOf\":{\"@id\":\"https:\\\/\\\/apal.pt\\\/home\\\/apal-em-budapeste\\\/\"},\"author\":{\"name\":\"admin\",\"@id\":\"https:\\\/\\\/apal.pt\\\/home\\\/#\\\/schema\\\/person\\\/c235da6bc3c8463b75e4f68b7003ae33\"},\"headline\":\"ESTAL 2023\",\"datePublished\":\"2024-01-03T23:49:44+00:00\",\"dateModified\":\"2024-08-08T13:21:35+00:00\",\"mainEntityOfPage\":{\"@id\":\"https:\\\/\\\/apal.pt\\\/home\\\/apal-em-budapeste\\\/\"},\"wordCount\":79,\"publisher\":{\"@id\":\"https:\\\/\\\/apal.pt\\\/home\\\/#organization\"},\"image\":{\"@id\":\"https:\\\/\\\/apal.pt\\\/home\\\/apal-em-budapeste\\\/#primaryimage\"},\"thumbnailUrl\":\"https:\\\/\\\/apal.pt\\\/home\\\/wp-content\\\/uploads\\\/2024\\\/01\\\/082-IMG_20230928_150900-scaled.jpg\",\"articleSection\":[\"Not\u00edcias\"],\"inLanguage\":\"en-US\"},{\"@type\":\"WebPage\",\"@id\":\"https:\\\/\\\/apal.pt\\\/home\\\/apal-em-budapeste\\\/\",\"url\":\"https:\\\/\\\/apal.pt\\\/home\\\/apal-em-budapeste\\\/\",\"name\":\"ESTAL 2023 - Apal\",\"isPartOf\":{\"@id\":\"https:\\\/\\\/apal.pt\\\/home\\\/#website\"},\"primaryImageOfPage\":{\"@id\":\"https:\\\/\\\/apal.pt\\\/home\\\/apal-em-budapeste\\\/#primaryimage\"},\"image\":{\"@id\":\"https:\\\/\\\/apal.pt\\\/home\\\/apal-em-budapeste\\\/#primaryimage\"},\"thumbnailUrl\":\"https:\\\/\\\/apal.pt\\\/home\\\/wp-content\\\/uploads\\\/2024\\\/01\\\/082-IMG_20230928_150900-scaled.jpg\",\"datePublished\":\"2024-01-03T23:49:44+00:00\",\"dateModified\":\"2024-08-08T13:21:35+00:00\",\"breadcrumb\":{\"@id\":\"https:\\\/\\\/apal.pt\\\/home\\\/apal-em-budapeste\\\/#breadcrumb\"},\"inLanguage\":\"en-US\",\"potentialAction\":[{\"@type\":\"ReadAction\",\"target\":[\"https:\\\/\\\/apal.pt\\\/home\\\/apal-em-budapeste\\\/\"]}]},{\"@type\":\"ImageObject\",\"inLanguage\":\"en-US\",\"@id\":\"https:\\\/\\\/apal.pt\\\/home\\\/apal-em-budapeste\\\/#primaryimage\",\"url\":\"https:\\\/\\\/apal.pt\\\/home\\\/wp-content\\\/uploads\\\/2024\\\/01\\\/082-IMG_20230928_150900-scaled.jpg\",\"contentUrl\":\"https:\\\/\\\/apal.pt\\\/home\\\/wp-content\\\/uploads\\\/2024\\\/01\\\/082-IMG_20230928_150900-scaled.jpg\",\"width\":2048,\"height\":1088},{\"@type\":\"BreadcrumbList\",\"@id\":\"https:\\\/\\\/apal.pt\\\/home\\\/apal-em-budapeste\\\/#breadcrumb\",\"itemListElement\":[{\"@type\":\"ListItem\",\"position\":1,\"name\":\"Home\",\"item\":\"https:\\\/\\\/apal.pt\\\/home\\\/\"},{\"@type\":\"ListItem\",\"position\":2,\"name\":\"ESTAL 2023\"}]},{\"@type\":\"WebSite\",\"@id\":\"https:\\\/\\\/apal.pt\\\/home\\\/#website\",\"url\":\"https:\\\/\\\/apal.pt\\\/home\\\/\",\"name\":\"Apal\",\"description\":\"Associa\u00e7\u00e3o Portuguesa do Alum\u00ednio\",\"publisher\":{\"@id\":\"https:\\\/\\\/apal.pt\\\/home\\\/#organization\"},\"potentialAction\":[{\"@type\":\"SearchAction\",\"target\":{\"@type\":\"EntryPoint\",\"urlTemplate\":\"https:\\\/\\\/apal.pt\\\/home\\\/?s={search_term_string}\"},\"query-input\":{\"@type\":\"PropertyValueSpecification\",\"valueRequired\":true,\"valueName\":\"search_term_string\"}}],\"inLanguage\":\"en-US\"},{\"@type\":\"Organization\",\"@id\":\"https:\\\/\\\/apal.pt\\\/home\\\/#organization\",\"name\":\"Apal - Associa\u00e7\u00e3o Portuguesa do Alum\u00ednio\",\"url\":\"https:\\\/\\\/apal.pt\\\/home\\\/\",\"logo\":{\"@type\":\"ImageObject\",\"inLanguage\":\"en-US\",\"@id\":\"https:\\\/\\\/apal.pt\\\/home\\\/#\\\/schema\\\/logo\\\/image\\\/\",\"url\":\"https:\\\/\\\/apal.pt\\\/home\\\/wp-content\\\/uploads\\\/2021\\\/10\\\/Apal_final_black.png\",\"contentUrl\":\"https:\\\/\\\/apal.pt\\\/home\\\/wp-content\\\/uploads\\\/2021\\\/10\\\/Apal_final_black.png\",\"width\":2048,\"height\":1119,\"caption\":\"Apal - Associa\u00e7\u00e3o Portuguesa do Alum\u00ednio\"},\"image\":{\"@id\":\"https:\\\/\\\/apal.pt\\\/home\\\/#\\\/schema\\\/logo\\\/image\\\/\"},\"sameAs\":[\"https:\\\/\\\/www.facebook.com\\\/apaluminio\\\/?locale=pt_PT\"]},{\"@type\":\"Person\",\"@id\":\"https:\\\/\\\/apal.pt\\\/home\\\/#\\\/schema\\\/person\\\/c235da6bc3c8463b75e4f68b7003ae33\",\"name\":\"admin\",\"image\":{\"@type\":\"ImageObject\",\"inLanguage\":\"en-US\",\"@id\":\"https:\\\/\\\/secure.gravatar.com\\\/avatar\\\/79693450e73a0687de7dfc33863383adc984d69816949931801e757aeebb0b8c?s=96&d=mm&r=g\",\"url\":\"https:\\\/\\\/secure.gravatar.com\\\/avatar\\\/79693450e73a0687de7dfc33863383adc984d69816949931801e757aeebb0b8c?s=96&d=mm&r=g\",\"contentUrl\":\"https:\\\/\\\/secure.gravatar.com\\\/avatar\\\/79693450e73a0687de7dfc33863383adc984d69816949931801e757aeebb0b8c?s=96&d=mm&r=g\",\"caption\":\"admin\"},\"sameAs\":[\"https:\\\/\\\/apal.pt\\\/home\"],\"url\":\"https:\\\/\\\/apal.pt\\\/home\\\/author\\\/admin\\\/\"}]}<\/script>\n<!-- \/ Yoast SEO plugin. -->","yoast_head_json":{"title":"ESTAL 2023 - Apal","robots":{"index":"index","follow":"follow","max-snippet":"max-snippet:-1","max-image-preview":"max-image-preview:large","max-video-preview":"max-video-preview:-1"},"canonical":"https:\/\/apal.pt\/home\/apal-em-budapeste\/","og_locale":"en_US","og_type":"article","og_title":"ESTAL 2023 - Apal","og_description":"A APAL participou no Congresso ESTAL 2023, que decorreu de 27 a 29 de setembro, em Budapeste. Neste evento que...","og_url":"https:\/\/apal.pt\/home\/apal-em-budapeste\/","og_site_name":"Apal","article_publisher":"https:\/\/www.facebook.com\/apaluminio\/?locale=pt_PT","article_published_time":"2024-01-03T23:49:44+00:00","article_modified_time":"2024-08-08T13:21:35+00:00","og_image":[{"width":2560,"height":1360,"url":"https:\/\/apal.pt\/home\/wp-content\/uploads\/2024\/01\/082-IMG_20230928_150900-scaled.jpg","type":"image\/jpeg"}],"author":"admin","twitter_card":"summary_large_image","twitter_misc":{"Written by":"admin","Est. reading time":"2 minutes"},"schema":{"@context":"https:\/\/schema.org","@graph":[{"@type":"Article","@id":"https:\/\/apal.pt\/home\/apal-em-budapeste\/#article","isPartOf":{"@id":"https:\/\/apal.pt\/home\/apal-em-budapeste\/"},"author":{"name":"admin","@id":"https:\/\/apal.pt\/home\/#\/schema\/person\/c235da6bc3c8463b75e4f68b7003ae33"},"headline":"ESTAL 2023","datePublished":"2024-01-03T23:49:44+00:00","dateModified":"2024-08-08T13:21:35+00:00","mainEntityOfPage":{"@id":"https:\/\/apal.pt\/home\/apal-em-budapeste\/"},"wordCount":79,"publisher":{"@id":"https:\/\/apal.pt\/home\/#organization"},"image":{"@id":"https:\/\/apal.pt\/home\/apal-em-budapeste\/#primaryimage"},"thumbnailUrl":"https:\/\/apal.pt\/home\/wp-content\/uploads\/2024\/01\/082-IMG_20230928_150900-scaled.jpg","articleSection":["Not\u00edcias"],"inLanguage":"en-US"},{"@type":"WebPage","@id":"https:\/\/apal.pt\/home\/apal-em-budapeste\/","url":"https:\/\/apal.pt\/home\/apal-em-budapeste\/","name":"ESTAL 2023 - Apal","isPartOf":{"@id":"https:\/\/apal.pt\/home\/#website"},"primaryImageOfPage":{"@id":"https:\/\/apal.pt\/home\/apal-em-budapeste\/#primaryimage"},"image":{"@id":"https:\/\/apal.pt\/home\/apal-em-budapeste\/#primaryimage"},"thumbnailUrl":"https:\/\/apal.pt\/home\/wp-content\/uploads\/2024\/01\/082-IMG_20230928_150900-scaled.jpg","datePublished":"2024-01-03T23:49:44+00:00","dateModified":"2024-08-08T13:21:35+00:00","breadcrumb":{"@id":"https:\/\/apal.pt\/home\/apal-em-budapeste\/#breadcrumb"},"inLanguage":"en-US","potentialAction":[{"@type":"ReadAction","target":["https:\/\/apal.pt\/home\/apal-em-budapeste\/"]}]},{"@type":"ImageObject","inLanguage":"en-US","@id":"https:\/\/apal.pt\/home\/apal-em-budapeste\/#primaryimage","url":"https:\/\/apal.pt\/home\/wp-content\/uploads\/2024\/01\/082-IMG_20230928_150900-scaled.jpg","contentUrl":"https:\/\/apal.pt\/home\/wp-content\/uploads\/2024\/01\/082-IMG_20230928_150900-scaled.jpg","width":2048,"height":1088},{"@type":"BreadcrumbList","@id":"https:\/\/apal.pt\/home\/apal-em-budapeste\/#breadcrumb","itemListElement":[{"@type":"ListItem","position":1,"name":"Home","item":"https:\/\/apal.pt\/home\/"},{"@type":"ListItem","position":2,"name":"ESTAL 2023"}]},{"@type":"WebSite","@id":"https:\/\/apal.pt\/home\/#website","url":"https:\/\/apal.pt\/home\/","name":"Apal","description":"Associa\u00e7\u00e3o Portuguesa do Alum\u00ednio","publisher":{"@id":"https:\/\/apal.pt\/home\/#organization"},"potentialAction":[{"@type":"SearchAction","target":{"@type":"EntryPoint","urlTemplate":"https:\/\/apal.pt\/home\/?s={search_term_string}"},"query-input":{"@type":"PropertyValueSpecification","valueRequired":true,"valueName":"search_term_string"}}],"inLanguage":"en-US"},{"@type":"Organization","@id":"https:\/\/apal.pt\/home\/#organization","name":"Apal - Associa\u00e7\u00e3o Portuguesa do Alum\u00ednio","url":"https:\/\/apal.pt\/home\/","logo":{"@type":"ImageObject","inLanguage":"en-US","@id":"https:\/\/apal.pt\/home\/#\/schema\/logo\/image\/","url":"https:\/\/apal.pt\/home\/wp-content\/uploads\/2021\/10\/Apal_final_black.png","contentUrl":"https:\/\/apal.pt\/home\/wp-content\/uploads\/2021\/10\/Apal_final_black.png","width":2048,"height":1119,"caption":"Apal - Associa\u00e7\u00e3o Portuguesa do Alum\u00ednio"},"image":{"@id":"https:\/\/apal.pt\/home\/#\/schema\/logo\/image\/"},"sameAs":["https:\/\/www.facebook.com\/apaluminio\/?locale=pt_PT"]},{"@type":"Person","@id":"https:\/\/apal.pt\/home\/#\/schema\/person\/c235da6bc3c8463b75e4f68b7003ae33","name":"admin","image":{"@type":"ImageObject","inLanguage":"en-US","@id":"https:\/\/secure.gravatar.com\/avatar\/79693450e73a0687de7dfc33863383adc984d69816949931801e757aeebb0b8c?s=96&d=mm&r=g","url":"https:\/\/secure.gravatar.com\/avatar\/79693450e73a0687de7dfc33863383adc984d69816949931801e757aeebb0b8c?s=96&d=mm&r=g","contentUrl":"https:\/\/secure.gravatar.com\/avatar\/79693450e73a0687de7dfc33863383adc984d69816949931801e757aeebb0b8c?s=96&d=mm&r=g","caption":"admin"},"sameAs":["https:\/\/apal.pt\/home"],"url":"https:\/\/apal.pt\/home\/author\/admin\/"}]}},"menu_order":0,"_links":{"self":[{"href":"https:\/\/apal.pt\/home\/wp-json\/wp\/v2\/posts\/32760","targetHints":{"allow":["GET"]}}],"collection":[{"href":"https:\/\/apal.pt\/home\/wp-json\/wp\/v2\/posts"}],"about":[{"href":"https:\/\/apal.pt\/home\/wp-json\/wp\/v2\/types\/post"}],"author":[{"embeddable":true,"href":"https:\/\/apal.pt\/home\/wp-json\/wp\/v2\/users\/1"}],"replies":[{"embeddable":true,"href":"https:\/\/apal.pt\/home\/wp-json\/wp\/v2\/comments?post=32760"}],"version-history":[{"count":0,"href":"https:\/\/apal.pt\/home\/wp-json\/wp\/v2\/posts\/32760\/revisions"}],"wp:featuredmedia":[{"embeddable":true,"href":"https:\/\/apal.pt\/home\/wp-json\/wp\/v2\/media\/32789"}],"wp:attachment":[{"href":"https:\/\/apal.pt\/home\/wp-json\/wp\/v2\/media?parent=32760"}],"wp:term":[{"taxonomy":"category","embeddable":true,"href":"https:\/\/apal.pt\/home\/wp-json\/wp\/v2\/categories?post=32760"},{"taxonomy":"post_tag","embeddable":true,"href":"https:\/\/apal.pt\/home\/wp-json\/wp\/v2\/tags?post=32760"}],"curies":[{"name":"wp","href":"https:\/\/api.w.org\/{rel}","templated":true}]}}