{"id":33051,"date":"2024-03-18T15:36:38","date_gmt":"2024-03-18T15:36:38","guid":{"rendered":"https:\/\/apal.pt\/home\/?p=33051"},"modified":"2024-08-08T13:19:54","modified_gmt":"2024-08-08T13:19:54","slug":"apal-marca-presenca-pela-1a-vez-na-tektonica","status":"publish","type":"post","link":"https:\/\/apal.pt\/home\/apal-marca-presenca-pela-1a-vez-na-tektonica\/","title":{"rendered":"APAL MARCA PRESEN\u00c7A PELA 1\u00aa VEZ NA TEKT\u00d3NICA"},"content":{"rendered":"\t\t<div data-elementor-type=\"wp-post\" data-elementor-id=\"33051\" class=\"elementor elementor-33051\" data-elementor-post-type=\"post\">\n\t\t\t\t\t\t<section class=\"elementor-section elementor-top-section elementor-element elementor-element-c109003 elementor-section-boxed elementor-section-height-default elementor-section-height-default\" data-id=\"c109003\" data-element_type=\"section\" data-e-type=\"section\">\r\n\t\t\t\t\t\t<div class=\"elementor-container elementor-column-gap-thegem\"><div class=\"elementor-row\">\r\n\t\t\t\t\t<div class=\"elementor-column elementor-col-100 elementor-top-column elementor-element elementor-element-557dfe3\" data-id=\"557dfe3\" data-element_type=\"column\" data-e-type=\"column\">\n\t\t\t<div class=\"elementor-widget-wrap elementor-element-populated\">\n\t\t\t\t\t\t<div class=\"elementor-element elementor-element-b106b67 flex-horizontal-align-default flex-horizontal-align-tablet-default flex-horizontal-align-mobile-default flex-vertical-align-default flex-vertical-align-tablet-default flex-vertical-align-mobile-default elementor-widget elementor-widget-image\" data-id=\"b106b67\" data-element_type=\"widget\" data-e-type=\"widget\" data-widget_type=\"image.default\">\n\t\t\t\t<div class=\"elementor-widget-container\">\n\t\t\t\t\t\t\t\t\t\t\t\t\t\t\t<img width=\"550\" height=\"190\" src=\"https:\/\/apal.pt\/home\/wp-content\/uploads\/2024\/03\/image-1.jpeg\" class=\"attachment-full size-full wp-image-33053\" alt=\"\" srcset=\"https:\/\/apal.pt\/home\/wp-content\/uploads\/2024\/03\/image-1.jpeg 550w, https:\/\/apal.pt\/home\/wp-content\/uploads\/2024\/03\/image-1-300x104.jpeg 300w\" sizes=\"(max-width: 550px) 100vw, 550px\" \/>\t\t\t\t\t\t\t\t\t\t\t\t\t\t\t<\/div>\n\t\t\t\t<\/div>\n\t\t\t\t\t<\/div>\n\t\t<\/div>\n\t\t\t\t\t<\/div><\/div>\r\n\t\t<\/section>\r\n\t\t\t\t<section class=\"elementor-section elementor-top-section elementor-element elementor-element-29384cd elementor-section-boxed elementor-section-height-default elementor-section-height-default\" data-id=\"29384cd\" data-element_type=\"section\" data-e-type=\"section\">\r\n\t\t\t\t\t\t<div class=\"elementor-container elementor-column-gap-thegem\"><div class=\"elementor-row\">\r\n\t\t\t\t\t<div class=\"elementor-column elementor-col-100 elementor-top-column elementor-element elementor-element-87ca1de\" data-id=\"87ca1de\" data-element_type=\"column\" data-e-type=\"column\">\n\t\t\t<div class=\"elementor-widget-wrap elementor-element-populated\">\n\t\t\t\t\t\t<div class=\"elementor-element elementor-element-70d5378 flex-horizontal-align-default flex-horizontal-align-tablet-default flex-horizontal-align-mobile-default flex-vertical-align-default flex-vertical-align-tablet-default flex-vertical-align-mobile-default elementor-widget elementor-widget-text-editor\" data-id=\"70d5378\" data-element_type=\"widget\" data-e-type=\"widget\" data-widget_type=\"text-editor.default\">\n\t\t\t\t<div class=\"elementor-widget-container\">\n\t\t\t\t\t\t\t\t\t\t\t\t<div class=\"elementor-text-editor elementor-clearfix\">\r\n\t\t\t\t\t\t<table border=\"0\" cellspacing=\"0\" cellpadding=\"0\" bgcolor=\"#a5b8c2\"><tbody><tr><td class=\"p0-10-15\" align=\"center\"><table border=\"0\" cellspacing=\"0\" cellpadding=\"0\" bgcolor=\"#a5b8c2\"><tbody><tr><td class=\"text pb20\"><p>A feira internacional da constru\u00e7\u00e3o ter\u00e1 lugar de <b>2 a 5 de maio, em Lisboa<\/b>.<\/p><p>\u00a0<\/p><p>\u00a0<\/p><p>Estamos entusiasmados em confirmar a nossa participa\u00e7\u00e3o neste evento e ansiamos colaborar com os nossos associados para apresentar solu\u00e7\u00f5es inovadoras, destacando assim o papel fundamental do alum\u00ednio no setor.<\/p><p>\u00a0<\/p><p>\u00a0<\/p><p>O nosso stand ser\u00e1 o ponto de encontro e ainda teremos a participa\u00e7\u00e3o do Eng. Rui Abreu como parte do painel da feira com uma apresenta\u00e7\u00e3o no TekTalks, proporcionando momentos valiosos para o nosso p\u00fablico-alvo.<\/p><p>\u00a0<\/p><p>\u00a0<\/p><p>Cada participante tem a oportunidade de promover um projeto\/produto criando uma apresenta\u00e7\u00e3o na <b>confer\u00eancia da APAL &#8211; &#8220;Neutralidade de Carbono&#8221;<\/b>.<\/p><p>\u00a0<\/p><p>Para <b>aqueles que desejam participar neste evento<\/b> junto da APAL, pedimos que <b>enviem um e-mail para<\/b> <a class=\"link-white\" href=\"mailto:mailto:comunicacao@apal.pt\"><span class=\"link-white\">comunicacao@apal.pt<\/span><\/a>.<\/p><p><b>\u00a0<\/b><\/p><p><b>Juntos, continuamos a promover a excel\u00eancia e inova\u00e7\u00e3o no setor do alum\u00ednio.<\/b><\/p><\/td><\/tr><\/tbody><\/table><\/td><\/tr><\/tbody><\/table>\t\t\t\t\t\t\t<\/div>\r\n\t\t\t\t\t\t\t\t\t\t<\/div>\n\t\t\t\t<\/div>\n\t\t\t\t\t<\/div>\n\t\t<\/div>\n\t\t\t\t\t<\/div><\/div>\r\n\t\t<\/section>\r\n\t\t\t\t<section class=\"elementor-section elementor-top-section elementor-element elementor-element-3dda744d elementor-section-full_width elementor-section-height-default elementor-section-height-default\" data-id=\"3dda744d\" data-element_type=\"section\" data-e-type=\"section\">\r\n\t\t\t\t\t\t<div class=\"elementor-container elementor-column-gap-no\"><div class=\"elementor-row\">\r\n\t\t\t\t\t<div class=\"elementor-column elementor-col-100 elementor-top-column elementor-element elementor-element-4418d1a7\" data-id=\"4418d1a7\" data-element_type=\"column\" data-e-type=\"column\">\n\t\t\t<div class=\"elementor-widget-wrap elementor-element-populated\">\n\t\t\t\t\t\t<div class=\"elementor-element elementor-element-55b032fe flex-horizontal-align-default flex-horizontal-align-tablet-default flex-horizontal-align-mobile-default flex-vertical-align-default flex-vertical-align-tablet-default flex-vertical-align-mobile-default elementor-widget elementor-widget-thegem-styled-textbox\" data-id=\"55b032fe\" data-element_type=\"widget\" data-e-type=\"widget\" data-settings=\"{&quot;thegem_elementor_preset&quot;:&quot;ticket&quot;}\" data-widget_type=\"thegem-styled-textbox.default\">\n\t\t\t\t<div class=\"elementor-widget-container\">\n\t\t\t\t\t\n<div class=\"gem-textbox styled-textbox-ticket\">\n\n\t\n\t\t<div class=\"gem-textbox-top gem-textbox-top-flag default-fill\">\n\t\t\t<svg viewBox=\"0 0 1000 20\" preserveAspectRatio=\"none\" width=\"100%\" height=\"20\"><path d=\"M 0,20.5 0,0 500,20.5 1000,0 1000,20.5\" \/><\/svg>\t\t<\/div>\n\t\n\t<div class=\"gem-textbox-inner\">\n\n\t\t<div class=\"gem-textbox-content default-background centered-box button-bottom\">\n\n\t\t\t\n\t\t\t<div class=\"gem-texbox-text-wrapper\">\n\n\t\t\t\t\t\t\t\t\t\n\t\t\t\t\t\n\t\t\t\t\n\t\t\t\t\t\t\t\t\t\t\t\t\t\t<div class=\"gem-button-container gem-widget-button\">\n\t\t\t\t\t\t\t\t\t\t\t\t<a class=\"gem-button gem-button-size-giant gem-button-text-weight-bold gem-button-style-outline\" href=\"https:\/\/vwmarketer.vectweb.pt\/link.php?M=1753935&amp;N=4337&amp;L=6388&amp;F=H\">\n\t\t\t\t\t\t\t<span class=\"gem-inner-wrapper-btn\">\n\t\t\t\t\t\t\t\t\t\t\t\t\t\t\t\t<span class=\"gem-text-button\">\n\t\t\t\t\t\t\t\t\tPARTICIPAR NA TEKT\u00d3NICA\t\t\t\t\t\t\t\t<\/span>\n\t\t\t\t\t\t\t<\/span>\n\t\t\t\t\t\t<\/a>\n\t\t\t\t\t<\/div>\n\t\t\t\t\n\t\t\t<\/div>\n\n\t\t<\/div>\n\n\t<\/div>\n\n\t\n\t\t<div class=\"gem-textbox-bottom gem-textbox-bottom-flag default-fill\">\n\t\t<svg viewBox=\"0 0 1000 20\" preserveAspectRatio=\"none\" width=\"100%\" height=\"20\"><path d=\"M 0,-0.5 0,20 500,0 1000,20 1000,-0.5\" \/><\/svg>\t\t<\/div>\n\t\n\t\n<\/div>\n\t\t\t\t<\/div>\n\t\t\t\t<\/div>\n\t\t\t\t<div class=\"elementor-element elementor-element-834aecb flex-horizontal-align-default flex-horizontal-align-tablet-default flex-horizontal-align-mobile-default flex-vertical-align-default flex-vertical-align-tablet-default flex-vertical-align-mobile-default elementor-widget elementor-widget-thegem-styled-textbox\" data-id=\"834aecb\" data-element_type=\"widget\" data-e-type=\"widget\" data-settings=\"{&quot;thegem_elementor_preset&quot;:&quot;basic&quot;}\" data-widget_type=\"thegem-styled-textbox.default\">\n\t\t\t\t<div class=\"elementor-widget-container\">\n\t\t\t\t\t\n<div class=\"gem-textbox styled-textbox-basic\">\n\n\t\n\t\t<div class=\"gem-textbox-top gem-textbox-top-none default-fill\">\n\t\t\t\t\t<\/div>\n\t\n\t<div class=\"gem-textbox-inner\">\n\n\t\t<div class=\"gem-textbox-content default-background icon-top centered-box button-bottom gem-textbox-icon-image-wrapping-none\">\n\n\t\t\t\t\t\t\t<div class=\"gem-texbox-icon-image-wrapper\">\n\n\t\t\t\t\t\t\t\t\t\t\t<div class=\"icon-top \">\n\t\t\t\t\t\t\t<div class=\"gem-textbox-icon\">\n\t\t\t\t\t\t\t\t<div class=\"elementor-icon\">\n\t\t\t\t\t\t\t\t\t\t\t\t\t\t\t\t\t<\/div>\n\t\t\t\t\t\t\t<\/div>\n\t\t\t\t\t\t<\/div>\n\t\t\t\t\t\n\t\t\t\t\t\n\t\t\t\t<\/div>\n\t\t\t\n\t\t\t<div class=\"gem-texbox-text-wrapper\">\n\n\t\t\t\t\t\t\t\t\t\n\t\t\t\t\t\n\t\t\t\t\n\t\t\t\t\t\t\t\t\t\t\t\t\t\t<div class=\"gem-button-container gem-widget-button\">\n\t\t\t\t\t\t\t\t\t\t\t\t<a class=\"gem-button gem-button-size-small gem-button-text-weight-bold gem-button-style-flat\">\n\t\t\t\t\t\t\t<span class=\"gem-inner-wrapper-btn\">\n\t\t\t\t\t\t\t\t\t\t\t\t\t\t\t\t<span class=\"gem-text-button\">\n\t\t\t\t\t\t\t\t\tCLIQUE AQUI PARA ENVIAR UM EMAIL PARA SE INSCREVER NA TECKT\u00d3NICA\t\t\t\t\t\t\t\t<\/span>\n\t\t\t\t\t\t\t<\/span>\n\t\t\t\t\t\t<\/a>\n\t\t\t\t\t<\/div>\n\t\t\t\t\n\t\t\t<\/div>\n\n\t\t<\/div>\n\n\t<\/div>\n\n\t\n\t\t<div class=\"gem-textbox-bottom gem-textbox-bottom-none default-fill\">\n\t\t\t\t<\/div>\n\t\n\t\n<\/div>\n\t\t\t\t<\/div>\n\t\t\t\t<\/div>\n\t\t\t\t\t<\/div>\n\t\t<\/div>\n\t\t\t\t\t<\/div><\/div>\r\n\t\t<\/section>\r\n\t\t\t\t<\/div>\n\t\t","protected":false},"excerpt":{"rendered":"<p>A feira internacional da constru\u00e7\u00e3o ter\u00e1 lugar de 2 a 5 de maio, em Lisboa. \u00a0 \u00a0 Estamos entusiasmados em&#8230;<\/p>\n","protected":false},"author":1,"featured_media":33053,"comment_status":"closed","ping_status":"closed","sticky":false,"template":"single-fullwidth.php","format":"standard","meta":{"footnotes":""},"categories":[109],"tags":[],"class_list":{"0":"post-33051","1":"post","2":"type-post","3":"status-publish","4":"format-standard","5":"has-post-thumbnail","7":"category-noticias"},"yoast_head":"<!-- This site is optimized with the Yoast SEO plugin v27.4 - https:\/\/yoast.com\/product\/yoast-seo-wordpress\/ -->\n<title>APAL MARCA PRESEN\u00c7A PELA 1\u00aa VEZ NA TEKT\u00d3NICA - Apal<\/title>\n<meta name=\"robots\" content=\"index, follow, max-snippet:-1, max-image-preview:large, max-video-preview:-1\" \/>\n<link rel=\"canonical\" href=\"https:\/\/apal.pt\/home\/apal-marca-presenca-pela-1a-vez-na-tektonica\/\" \/>\n<meta property=\"og:locale\" content=\"en_US\" \/>\n<meta property=\"og:type\" content=\"article\" \/>\n<meta property=\"og:title\" content=\"APAL MARCA PRESEN\u00c7A PELA 1\u00aa VEZ NA TEKT\u00d3NICA - Apal\" \/>\n<meta property=\"og:description\" content=\"A feira internacional da constru\u00e7\u00e3o ter\u00e1 lugar de 2 a 5 de maio, em Lisboa. \u00a0 \u00a0 Estamos entusiasmados em...\" \/>\n<meta property=\"og:url\" content=\"https:\/\/apal.pt\/home\/apal-marca-presenca-pela-1a-vez-na-tektonica\/\" \/>\n<meta property=\"og:site_name\" content=\"Apal\" \/>\n<meta property=\"article:publisher\" content=\"https:\/\/www.facebook.com\/apaluminio\/?locale=pt_PT\" \/>\n<meta property=\"article:published_time\" content=\"2024-03-18T15:36:38+00:00\" \/>\n<meta property=\"article:modified_time\" content=\"2024-08-08T13:19:54+00:00\" \/>\n<meta property=\"og:image\" content=\"https:\/\/apal.pt\/home\/wp-content\/uploads\/2024\/03\/image-1.jpeg\" \/>\n\t<meta property=\"og:image:width\" content=\"550\" \/>\n\t<meta property=\"og:image:height\" content=\"190\" \/>\n\t<meta property=\"og:image:type\" content=\"image\/jpeg\" \/>\n<meta name=\"author\" content=\"admin\" \/>\n<meta name=\"twitter:card\" content=\"summary_large_image\" \/>\n<meta name=\"twitter:label1\" content=\"Written by\" \/>\n\t<meta name=\"twitter:data1\" content=\"admin\" \/>\n\t<meta name=\"twitter:label2\" content=\"Est. reading time\" \/>\n\t<meta name=\"twitter:data2\" content=\"1 minute\" \/>\n<script type=\"application\/ld+json\" class=\"yoast-schema-graph\">{\"@context\":\"https:\\\/\\\/schema.org\",\"@graph\":[{\"@type\":\"Article\",\"@id\":\"https:\\\/\\\/apal.pt\\\/home\\\/apal-marca-presenca-pela-1a-vez-na-tektonica\\\/#article\",\"isPartOf\":{\"@id\":\"https:\\\/\\\/apal.pt\\\/home\\\/apal-marca-presenca-pela-1a-vez-na-tektonica\\\/\"},\"author\":{\"name\":\"admin\",\"@id\":\"https:\\\/\\\/apal.pt\\\/home\\\/#\\\/schema\\\/person\\\/c235da6bc3c8463b75e4f68b7003ae33\"},\"headline\":\"APAL MARCA PRESEN\u00c7A PELA 1\u00aa VEZ NA TEKT\u00d3NICA\",\"datePublished\":\"2024-03-18T15:36:38+00:00\",\"dateModified\":\"2024-08-08T13:19:54+00:00\",\"mainEntityOfPage\":{\"@id\":\"https:\\\/\\\/apal.pt\\\/home\\\/apal-marca-presenca-pela-1a-vez-na-tektonica\\\/\"},\"wordCount\":166,\"publisher\":{\"@id\":\"https:\\\/\\\/apal.pt\\\/home\\\/#organization\"},\"image\":{\"@id\":\"https:\\\/\\\/apal.pt\\\/home\\\/apal-marca-presenca-pela-1a-vez-na-tektonica\\\/#primaryimage\"},\"thumbnailUrl\":\"https:\\\/\\\/apal.pt\\\/home\\\/wp-content\\\/uploads\\\/2024\\\/03\\\/image-1.jpeg\",\"articleSection\":[\"Not\u00edcias\"],\"inLanguage\":\"en-US\"},{\"@type\":\"WebPage\",\"@id\":\"https:\\\/\\\/apal.pt\\\/home\\\/apal-marca-presenca-pela-1a-vez-na-tektonica\\\/\",\"url\":\"https:\\\/\\\/apal.pt\\\/home\\\/apal-marca-presenca-pela-1a-vez-na-tektonica\\\/\",\"name\":\"APAL MARCA PRESEN\u00c7A PELA 1\u00aa VEZ NA TEKT\u00d3NICA - Apal\",\"isPartOf\":{\"@id\":\"https:\\\/\\\/apal.pt\\\/home\\\/#website\"},\"primaryImageOfPage\":{\"@id\":\"https:\\\/\\\/apal.pt\\\/home\\\/apal-marca-presenca-pela-1a-vez-na-tektonica\\\/#primaryimage\"},\"image\":{\"@id\":\"https:\\\/\\\/apal.pt\\\/home\\\/apal-marca-presenca-pela-1a-vez-na-tektonica\\\/#primaryimage\"},\"thumbnailUrl\":\"https:\\\/\\\/apal.pt\\\/home\\\/wp-content\\\/uploads\\\/2024\\\/03\\\/image-1.jpeg\",\"datePublished\":\"2024-03-18T15:36:38+00:00\",\"dateModified\":\"2024-08-08T13:19:54+00:00\",\"breadcrumb\":{\"@id\":\"https:\\\/\\\/apal.pt\\\/home\\\/apal-marca-presenca-pela-1a-vez-na-tektonica\\\/#breadcrumb\"},\"inLanguage\":\"en-US\",\"potentialAction\":[{\"@type\":\"ReadAction\",\"target\":[\"https:\\\/\\\/apal.pt\\\/home\\\/apal-marca-presenca-pela-1a-vez-na-tektonica\\\/\"]}]},{\"@type\":\"ImageObject\",\"inLanguage\":\"en-US\",\"@id\":\"https:\\\/\\\/apal.pt\\\/home\\\/apal-marca-presenca-pela-1a-vez-na-tektonica\\\/#primaryimage\",\"url\":\"https:\\\/\\\/apal.pt\\\/home\\\/wp-content\\\/uploads\\\/2024\\\/03\\\/image-1.jpeg\",\"contentUrl\":\"https:\\\/\\\/apal.pt\\\/home\\\/wp-content\\\/uploads\\\/2024\\\/03\\\/image-1.jpeg\",\"width\":550,\"height\":190},{\"@type\":\"BreadcrumbList\",\"@id\":\"https:\\\/\\\/apal.pt\\\/home\\\/apal-marca-presenca-pela-1a-vez-na-tektonica\\\/#breadcrumb\",\"itemListElement\":[{\"@type\":\"ListItem\",\"position\":1,\"name\":\"Home\",\"item\":\"https:\\\/\\\/apal.pt\\\/home\\\/\"},{\"@type\":\"ListItem\",\"position\":2,\"name\":\"APAL MARCA PRESEN\u00c7A PELA 1\u00aa VEZ NA TEKT\u00d3NICA\"}]},{\"@type\":\"WebSite\",\"@id\":\"https:\\\/\\\/apal.pt\\\/home\\\/#website\",\"url\":\"https:\\\/\\\/apal.pt\\\/home\\\/\",\"name\":\"Apal\",\"description\":\"Associa\u00e7\u00e3o Portuguesa do Alum\u00ednio\",\"publisher\":{\"@id\":\"https:\\\/\\\/apal.pt\\\/home\\\/#organization\"},\"potentialAction\":[{\"@type\":\"SearchAction\",\"target\":{\"@type\":\"EntryPoint\",\"urlTemplate\":\"https:\\\/\\\/apal.pt\\\/home\\\/?s={search_term_string}\"},\"query-input\":{\"@type\":\"PropertyValueSpecification\",\"valueRequired\":true,\"valueName\":\"search_term_string\"}}],\"inLanguage\":\"en-US\"},{\"@type\":\"Organization\",\"@id\":\"https:\\\/\\\/apal.pt\\\/home\\\/#organization\",\"name\":\"Apal - Associa\u00e7\u00e3o Portuguesa do Alum\u00ednio\",\"url\":\"https:\\\/\\\/apal.pt\\\/home\\\/\",\"logo\":{\"@type\":\"ImageObject\",\"inLanguage\":\"en-US\",\"@id\":\"https:\\\/\\\/apal.pt\\\/home\\\/#\\\/schema\\\/logo\\\/image\\\/\",\"url\":\"https:\\\/\\\/apal.pt\\\/home\\\/wp-content\\\/uploads\\\/2021\\\/10\\\/Apal_final_black.png\",\"contentUrl\":\"https:\\\/\\\/apal.pt\\\/home\\\/wp-content\\\/uploads\\\/2021\\\/10\\\/Apal_final_black.png\",\"width\":2048,\"height\":1119,\"caption\":\"Apal - Associa\u00e7\u00e3o Portuguesa do Alum\u00ednio\"},\"image\":{\"@id\":\"https:\\\/\\\/apal.pt\\\/home\\\/#\\\/schema\\\/logo\\\/image\\\/\"},\"sameAs\":[\"https:\\\/\\\/www.facebook.com\\\/apaluminio\\\/?locale=pt_PT\"]},{\"@type\":\"Person\",\"@id\":\"https:\\\/\\\/apal.pt\\\/home\\\/#\\\/schema\\\/person\\\/c235da6bc3c8463b75e4f68b7003ae33\",\"name\":\"admin\",\"image\":{\"@type\":\"ImageObject\",\"inLanguage\":\"en-US\",\"@id\":\"https:\\\/\\\/secure.gravatar.com\\\/avatar\\\/79693450e73a0687de7dfc33863383adc984d69816949931801e757aeebb0b8c?s=96&d=mm&r=g\",\"url\":\"https:\\\/\\\/secure.gravatar.com\\\/avatar\\\/79693450e73a0687de7dfc33863383adc984d69816949931801e757aeebb0b8c?s=96&d=mm&r=g\",\"contentUrl\":\"https:\\\/\\\/secure.gravatar.com\\\/avatar\\\/79693450e73a0687de7dfc33863383adc984d69816949931801e757aeebb0b8c?s=96&d=mm&r=g\",\"caption\":\"admin\"},\"sameAs\":[\"https:\\\/\\\/apal.pt\\\/home\"],\"url\":\"https:\\\/\\\/apal.pt\\\/home\\\/author\\\/admin\\\/\"}]}<\/script>\n<!-- \/ Yoast SEO plugin. -->","yoast_head_json":{"title":"APAL MARCA PRESEN\u00c7A PELA 1\u00aa VEZ NA TEKT\u00d3NICA - Apal","robots":{"index":"index","follow":"follow","max-snippet":"max-snippet:-1","max-image-preview":"max-image-preview:large","max-video-preview":"max-video-preview:-1"},"canonical":"https:\/\/apal.pt\/home\/apal-marca-presenca-pela-1a-vez-na-tektonica\/","og_locale":"en_US","og_type":"article","og_title":"APAL MARCA PRESEN\u00c7A PELA 1\u00aa VEZ NA TEKT\u00d3NICA - Apal","og_description":"A feira internacional da constru\u00e7\u00e3o ter\u00e1 lugar de 2 a 5 de maio, em Lisboa. \u00a0 \u00a0 Estamos entusiasmados em...","og_url":"https:\/\/apal.pt\/home\/apal-marca-presenca-pela-1a-vez-na-tektonica\/","og_site_name":"Apal","article_publisher":"https:\/\/www.facebook.com\/apaluminio\/?locale=pt_PT","article_published_time":"2024-03-18T15:36:38+00:00","article_modified_time":"2024-08-08T13:19:54+00:00","og_image":[{"width":550,"height":190,"url":"https:\/\/apal.pt\/home\/wp-content\/uploads\/2024\/03\/image-1.jpeg","type":"image\/jpeg"}],"author":"admin","twitter_card":"summary_large_image","twitter_misc":{"Written by":"admin","Est. reading time":"1 minute"},"schema":{"@context":"https:\/\/schema.org","@graph":[{"@type":"Article","@id":"https:\/\/apal.pt\/home\/apal-marca-presenca-pela-1a-vez-na-tektonica\/#article","isPartOf":{"@id":"https:\/\/apal.pt\/home\/apal-marca-presenca-pela-1a-vez-na-tektonica\/"},"author":{"name":"admin","@id":"https:\/\/apal.pt\/home\/#\/schema\/person\/c235da6bc3c8463b75e4f68b7003ae33"},"headline":"APAL MARCA PRESEN\u00c7A PELA 1\u00aa VEZ NA TEKT\u00d3NICA","datePublished":"2024-03-18T15:36:38+00:00","dateModified":"2024-08-08T13:19:54+00:00","mainEntityOfPage":{"@id":"https:\/\/apal.pt\/home\/apal-marca-presenca-pela-1a-vez-na-tektonica\/"},"wordCount":166,"publisher":{"@id":"https:\/\/apal.pt\/home\/#organization"},"image":{"@id":"https:\/\/apal.pt\/home\/apal-marca-presenca-pela-1a-vez-na-tektonica\/#primaryimage"},"thumbnailUrl":"https:\/\/apal.pt\/home\/wp-content\/uploads\/2024\/03\/image-1.jpeg","articleSection":["Not\u00edcias"],"inLanguage":"en-US"},{"@type":"WebPage","@id":"https:\/\/apal.pt\/home\/apal-marca-presenca-pela-1a-vez-na-tektonica\/","url":"https:\/\/apal.pt\/home\/apal-marca-presenca-pela-1a-vez-na-tektonica\/","name":"APAL MARCA PRESEN\u00c7A PELA 1\u00aa VEZ NA TEKT\u00d3NICA - Apal","isPartOf":{"@id":"https:\/\/apal.pt\/home\/#website"},"primaryImageOfPage":{"@id":"https:\/\/apal.pt\/home\/apal-marca-presenca-pela-1a-vez-na-tektonica\/#primaryimage"},"image":{"@id":"https:\/\/apal.pt\/home\/apal-marca-presenca-pela-1a-vez-na-tektonica\/#primaryimage"},"thumbnailUrl":"https:\/\/apal.pt\/home\/wp-content\/uploads\/2024\/03\/image-1.jpeg","datePublished":"2024-03-18T15:36:38+00:00","dateModified":"2024-08-08T13:19:54+00:00","breadcrumb":{"@id":"https:\/\/apal.pt\/home\/apal-marca-presenca-pela-1a-vez-na-tektonica\/#breadcrumb"},"inLanguage":"en-US","potentialAction":[{"@type":"ReadAction","target":["https:\/\/apal.pt\/home\/apal-marca-presenca-pela-1a-vez-na-tektonica\/"]}]},{"@type":"ImageObject","inLanguage":"en-US","@id":"https:\/\/apal.pt\/home\/apal-marca-presenca-pela-1a-vez-na-tektonica\/#primaryimage","url":"https:\/\/apal.pt\/home\/wp-content\/uploads\/2024\/03\/image-1.jpeg","contentUrl":"https:\/\/apal.pt\/home\/wp-content\/uploads\/2024\/03\/image-1.jpeg","width":550,"height":190},{"@type":"BreadcrumbList","@id":"https:\/\/apal.pt\/home\/apal-marca-presenca-pela-1a-vez-na-tektonica\/#breadcrumb","itemListElement":[{"@type":"ListItem","position":1,"name":"Home","item":"https:\/\/apal.pt\/home\/"},{"@type":"ListItem","position":2,"name":"APAL MARCA PRESEN\u00c7A PELA 1\u00aa VEZ NA TEKT\u00d3NICA"}]},{"@type":"WebSite","@id":"https:\/\/apal.pt\/home\/#website","url":"https:\/\/apal.pt\/home\/","name":"Apal","description":"Associa\u00e7\u00e3o Portuguesa do Alum\u00ednio","publisher":{"@id":"https:\/\/apal.pt\/home\/#organization"},"potentialAction":[{"@type":"SearchAction","target":{"@type":"EntryPoint","urlTemplate":"https:\/\/apal.pt\/home\/?s={search_term_string}"},"query-input":{"@type":"PropertyValueSpecification","valueRequired":true,"valueName":"search_term_string"}}],"inLanguage":"en-US"},{"@type":"Organization","@id":"https:\/\/apal.pt\/home\/#organization","name":"Apal - Associa\u00e7\u00e3o Portuguesa do Alum\u00ednio","url":"https:\/\/apal.pt\/home\/","logo":{"@type":"ImageObject","inLanguage":"en-US","@id":"https:\/\/apal.pt\/home\/#\/schema\/logo\/image\/","url":"https:\/\/apal.pt\/home\/wp-content\/uploads\/2021\/10\/Apal_final_black.png","contentUrl":"https:\/\/apal.pt\/home\/wp-content\/uploads\/2021\/10\/Apal_final_black.png","width":2048,"height":1119,"caption":"Apal - Associa\u00e7\u00e3o Portuguesa do Alum\u00ednio"},"image":{"@id":"https:\/\/apal.pt\/home\/#\/schema\/logo\/image\/"},"sameAs":["https:\/\/www.facebook.com\/apaluminio\/?locale=pt_PT"]},{"@type":"Person","@id":"https:\/\/apal.pt\/home\/#\/schema\/person\/c235da6bc3c8463b75e4f68b7003ae33","name":"admin","image":{"@type":"ImageObject","inLanguage":"en-US","@id":"https:\/\/secure.gravatar.com\/avatar\/79693450e73a0687de7dfc33863383adc984d69816949931801e757aeebb0b8c?s=96&d=mm&r=g","url":"https:\/\/secure.gravatar.com\/avatar\/79693450e73a0687de7dfc33863383adc984d69816949931801e757aeebb0b8c?s=96&d=mm&r=g","contentUrl":"https:\/\/secure.gravatar.com\/avatar\/79693450e73a0687de7dfc33863383adc984d69816949931801e757aeebb0b8c?s=96&d=mm&r=g","caption":"admin"},"sameAs":["https:\/\/apal.pt\/home"],"url":"https:\/\/apal.pt\/home\/author\/admin\/"}]}},"menu_order":0,"_links":{"self":[{"href":"https:\/\/apal.pt\/home\/wp-json\/wp\/v2\/posts\/33051","targetHints":{"allow":["GET"]}}],"collection":[{"href":"https:\/\/apal.pt\/home\/wp-json\/wp\/v2\/posts"}],"about":[{"href":"https:\/\/apal.pt\/home\/wp-json\/wp\/v2\/types\/post"}],"author":[{"embeddable":true,"href":"https:\/\/apal.pt\/home\/wp-json\/wp\/v2\/users\/1"}],"replies":[{"embeddable":true,"href":"https:\/\/apal.pt\/home\/wp-json\/wp\/v2\/comments?post=33051"}],"version-history":[{"count":0,"href":"https:\/\/apal.pt\/home\/wp-json\/wp\/v2\/posts\/33051\/revisions"}],"wp:featuredmedia":[{"embeddable":true,"href":"https:\/\/apal.pt\/home\/wp-json\/wp\/v2\/media\/33053"}],"wp:attachment":[{"href":"https:\/\/apal.pt\/home\/wp-json\/wp\/v2\/media?parent=33051"}],"wp:term":[{"taxonomy":"category","embeddable":true,"href":"https:\/\/apal.pt\/home\/wp-json\/wp\/v2\/categories?post=33051"},{"taxonomy":"post_tag","embeddable":true,"href":"https:\/\/apal.pt\/home\/wp-json\/wp\/v2\/tags?post=33051"}],"curies":[{"name":"wp","href":"https:\/\/api.w.org\/{rel}","templated":true}]}}