{"id":33099,"date":"2024-05-22T22:34:45","date_gmt":"2024-05-22T22:34:45","guid":{"rendered":"https:\/\/apal.pt\/home\/?p=33099"},"modified":"2024-08-08T13:16:55","modified_gmt":"2024-08-08T13:16:55","slug":"apal-promove-a-sustentabilidade-na-tektonica","status":"publish","type":"post","link":"https:\/\/apal.pt\/home\/apal-promove-a-sustentabilidade-na-tektonica\/","title":{"rendered":"APAL PROMOVE A SUSTENTABILIDADE NA TEKT\u00d3NICA"},"content":{"rendered":"\t\t<div data-elementor-type=\"wp-post\" data-elementor-id=\"33099\" class=\"elementor elementor-33099\" data-elementor-post-type=\"post\">\n\t\t\t\t\t\t<section class=\"elementor-section elementor-top-section elementor-element elementor-element-c109003 elementor-section-boxed elementor-section-height-default elementor-section-height-default\" data-id=\"c109003\" data-element_type=\"section\" data-e-type=\"section\">\r\n\t\t\t\t\t\t<div class=\"elementor-container elementor-column-gap-thegem\"><div class=\"elementor-row\">\r\n\t\t\t\t\t<div class=\"elementor-column elementor-col-100 elementor-top-column elementor-element elementor-element-b103e96\" data-id=\"b103e96\" data-element_type=\"column\" data-e-type=\"column\">\n\t\t\t<div class=\"elementor-widget-wrap elementor-element-populated\">\n\t\t\t\t\t\t<div class=\"elementor-element elementor-element-70d5378 flex-horizontal-align-default flex-horizontal-align-tablet-default flex-horizontal-align-mobile-default flex-vertical-align-default flex-vertical-align-tablet-default flex-vertical-align-mobile-default elementor-widget elementor-widget-text-editor\" data-id=\"70d5378\" data-element_type=\"widget\" data-e-type=\"widget\" data-widget_type=\"text-editor.default\">\n\t\t\t\t<div class=\"elementor-widget-container\">\n\t\t\t\t\t\t\t\t\t\t\t\t<div class=\"elementor-text-editor elementor-clearfix\">\r\n\t\t\t\t\t\t<p>A <strong>APAL<\/strong> \u2013 Associa\u00e7\u00e3o Portuguesa do Alum\u00ednio, em conjunto com a <strong>CIN Performance Coatings<\/strong> e a <strong>Technal<\/strong>, apresentou na \u00faltima edi\u00e7\u00e3o da <strong>Tekt\u00f3nica<\/strong> as recentes solu\u00e7\u00f5es do setor do alum\u00ednio orientadas para as solu\u00e7\u00f5es sustent\u00e1veis e a economia circular na constru\u00e7\u00e3o.<\/p><p>\u201cAlum\u00ednio para uma sociedade neutra em carbono\u201d foi o tema abordado pelo presidente da <strong>APAL<\/strong>, Rui Abreu, no \u00e2mbito das <strong>Tektalks<\/strong> deste certame, onde detalhou as potencialidades do alum\u00ednio, enquanto material infinitamente recicl\u00e1vel, no setor da constru\u00e7\u00e3o, apresentando-o como um material inteligente aliado a um reduzido consumo de energia e a uma maior durabilidade, e essencial para se atingir uma sociedade neutro em carbono at\u00e9 2050.<\/p><p>A <strong>CIN Performance Coatings<\/strong> apresentou a sua \u00faltima inova\u00e7\u00e3o em tintas em p\u00f3 e a <strong>Technal Portugal<\/strong> abordou o tema &#8220;Pegada ecol\u00f3gica e circularidade nos sistemas de alum\u00ednio&#8221;, destacando a solu\u00e7\u00e3o <strong>Hydro CIRCAL<\/strong>, composta por 75% de alum\u00ednio reciclado.<\/p><p>A <strong>APAL<\/strong> trouxe ainda \u00e0 discuss\u00e3o as &#8220;Marcas internacionais de qualidade para o tratamento do alum\u00ednio e a\u00e7o&#8221;, com a apresenta\u00e7\u00e3o de Margarida Casqueiro, Secret\u00e1ria-Geral da <strong>APAL<\/strong>.<\/p>\t\t\t\t\t\t\t<\/div>\r\n\t\t\t\t\t\t\t\t\t\t<\/div>\n\t\t\t\t<\/div>\n\t\t\t\t\t<\/div>\n\t\t<\/div>\n\t\t\t\t\t<\/div><\/div>\r\n\t\t<\/section>\r\n\t\t\t\t<section class=\"elementor-section elementor-top-section elementor-element elementor-element-096dd1b elementor-section-boxed elementor-section-height-default elementor-section-height-default\" data-id=\"096dd1b\" data-element_type=\"section\" data-e-type=\"section\">\r\n\t\t\t\t\t\t<div class=\"elementor-container elementor-column-gap-thegem\"><div class=\"elementor-row\">\r\n\t\t\t\t\t<div class=\"elementor-column elementor-col-50 elementor-top-column elementor-element elementor-element-76984bb\" data-id=\"76984bb\" data-element_type=\"column\" data-e-type=\"column\">\n\t\t\t<div class=\"elementor-widget-wrap elementor-element-populated\">\n\t\t\t\t\t\t<div class=\"elementor-element elementor-element-869d9db flex-horizontal-align-default flex-horizontal-align-tablet-default flex-horizontal-align-mobile-default flex-vertical-align-default flex-vertical-align-tablet-default flex-vertical-align-mobile-default elementor-widget elementor-widget-image\" data-id=\"869d9db\" data-element_type=\"widget\" data-e-type=\"widget\" data-widget_type=\"image.default\">\n\t\t\t\t<div class=\"elementor-widget-container\">\n\t\t\t\t\t\t\t\t\t\t\t\t\t\t\t<img width=\"700\" height=\"470\" src=\"https:\/\/apal.pt\/home\/wp-content\/uploads\/2024\/05\/1.jpg\" class=\"attachment-full size-full wp-image-33101\" alt=\"\" srcset=\"https:\/\/apal.pt\/home\/wp-content\/uploads\/2024\/05\/1.jpg 700w, https:\/\/apal.pt\/home\/wp-content\/uploads\/2024\/05\/1-300x201.jpg 300w\" sizes=\"(max-width: 700px) 100vw, 700px\" \/>\t\t\t\t\t\t\t\t\t\t\t\t\t\t\t<\/div>\n\t\t\t\t<\/div>\n\t\t\t\t<div class=\"elementor-element elementor-element-2db179a flex-horizontal-align-default flex-horizontal-align-tablet-default flex-horizontal-align-mobile-default flex-vertical-align-default flex-vertical-align-tablet-default flex-vertical-align-mobile-default elementor-widget elementor-widget-image\" data-id=\"2db179a\" data-element_type=\"widget\" data-e-type=\"widget\" data-widget_type=\"image.default\">\n\t\t\t\t<div class=\"elementor-widget-container\">\n\t\t\t\t\t\t\t\t\t\t\t\t\t\t\t<img width=\"2048\" height=\"1365\" src=\"https:\/\/apal.pt\/home\/wp-content\/uploads\/2024\/05\/3.jpg\" class=\"attachment-full size-full wp-image-33103\" alt=\"\" srcset=\"https:\/\/apal.pt\/home\/wp-content\/uploads\/2024\/05\/3.jpg 2048w, https:\/\/apal.pt\/home\/wp-content\/uploads\/2024\/05\/3-300x200.jpg 300w, https:\/\/apal.pt\/home\/wp-content\/uploads\/2024\/05\/3-1024x683.jpg 1024w, https:\/\/apal.pt\/home\/wp-content\/uploads\/2024\/05\/3-768x512.jpg 768w, https:\/\/apal.pt\/home\/wp-content\/uploads\/2024\/05\/3-1536x1024.jpg 1536w\" sizes=\"(max-width: 2048px) 100vw, 2048px\" \/>\t\t\t\t\t\t\t\t\t\t\t\t\t\t\t<\/div>\n\t\t\t\t<\/div>\n\t\t\t\t\t<\/div>\n\t\t<\/div>\n\t\t\t\t<div class=\"elementor-column elementor-col-50 elementor-top-column elementor-element elementor-element-d91628b\" data-id=\"d91628b\" data-element_type=\"column\" data-e-type=\"column\">\n\t\t\t<div class=\"elementor-widget-wrap elementor-element-populated\">\n\t\t\t\t\t\t<div class=\"elementor-element elementor-element-f77d584 flex-horizontal-align-default flex-horizontal-align-tablet-default flex-horizontal-align-mobile-default flex-vertical-align-default flex-vertical-align-tablet-default flex-vertical-align-mobile-default elementor-widget elementor-widget-image\" data-id=\"f77d584\" data-element_type=\"widget\" data-e-type=\"widget\" data-widget_type=\"image.default\">\n\t\t\t\t<div class=\"elementor-widget-container\">\n\t\t\t\t\t\t\t\t\t\t\t\t\t\t\t<img width=\"2048\" height=\"1365\" src=\"https:\/\/apal.pt\/home\/wp-content\/uploads\/2024\/05\/2.jpg\" class=\"attachment-full size-full wp-image-33102\" alt=\"\" srcset=\"https:\/\/apal.pt\/home\/wp-content\/uploads\/2024\/05\/2.jpg 2048w, https:\/\/apal.pt\/home\/wp-content\/uploads\/2024\/05\/2-300x200.jpg 300w, https:\/\/apal.pt\/home\/wp-content\/uploads\/2024\/05\/2-1024x683.jpg 1024w, https:\/\/apal.pt\/home\/wp-content\/uploads\/2024\/05\/2-768x512.jpg 768w, https:\/\/apal.pt\/home\/wp-content\/uploads\/2024\/05\/2-1536x1024.jpg 1536w\" sizes=\"(max-width: 2048px) 100vw, 2048px\" \/>\t\t\t\t\t\t\t\t\t\t\t\t\t\t\t<\/div>\n\t\t\t\t<\/div>\n\t\t\t\t<div class=\"elementor-element elementor-element-c08ac52 flex-horizontal-align-default flex-horizontal-align-tablet-default flex-horizontal-align-mobile-default flex-vertical-align-default flex-vertical-align-tablet-default flex-vertical-align-mobile-default elementor-widget elementor-widget-image\" data-id=\"c08ac52\" data-element_type=\"widget\" data-e-type=\"widget\" data-widget_type=\"image.default\">\n\t\t\t\t<div class=\"elementor-widget-container\">\n\t\t\t\t\t\t\t\t\t\t\t\t\t\t\t<img width=\"2048\" height=\"1365\" src=\"https:\/\/apal.pt\/home\/wp-content\/uploads\/2024\/05\/4.jpg\" class=\"attachment-full size-full wp-image-33104\" alt=\"\" srcset=\"https:\/\/apal.pt\/home\/wp-content\/uploads\/2024\/05\/4.jpg 2048w, https:\/\/apal.pt\/home\/wp-content\/uploads\/2024\/05\/4-300x200.jpg 300w, https:\/\/apal.pt\/home\/wp-content\/uploads\/2024\/05\/4-1024x683.jpg 1024w, https:\/\/apal.pt\/home\/wp-content\/uploads\/2024\/05\/4-768x512.jpg 768w, https:\/\/apal.pt\/home\/wp-content\/uploads\/2024\/05\/4-1536x1024.jpg 1536w\" sizes=\"(max-width: 2048px) 100vw, 2048px\" \/>\t\t\t\t\t\t\t\t\t\t\t\t\t\t\t<\/div>\n\t\t\t\t<\/div>\n\t\t\t\t\t<\/div>\n\t\t<\/div>\n\t\t\t\t\t<\/div><\/div>\r\n\t\t<\/section>\r\n\t\t\t\t<\/div>\n\t\t","protected":false},"excerpt":{"rendered":"<p>A APAL \u2013 Associa\u00e7\u00e3o Portuguesa do Alum\u00ednio, em conjunto com a CIN Performance Coatings e a Technal, apresentou na \u00faltima&#8230;<\/p>\n","protected":false},"author":1,"featured_media":33102,"comment_status":"closed","ping_status":"closed","sticky":false,"template":"single-fullwidth.php","format":"standard","meta":{"footnotes":""},"categories":[109],"tags":[],"class_list":{"0":"post-33099","1":"post","2":"type-post","3":"status-publish","4":"format-standard","5":"has-post-thumbnail","7":"category-noticias"},"yoast_head":"<!-- This site is optimized with the Yoast SEO plugin v27.4 - https:\/\/yoast.com\/product\/yoast-seo-wordpress\/ -->\n<title>APAL PROMOVE A SUSTENTABILIDADE NA TEKT\u00d3NICA - Apal<\/title>\n<meta name=\"robots\" content=\"index, follow, max-snippet:-1, max-image-preview:large, max-video-preview:-1\" \/>\n<link rel=\"canonical\" href=\"https:\/\/apal.pt\/home\/apal-promove-a-sustentabilidade-na-tektonica\/\" \/>\n<meta property=\"og:locale\" content=\"en_US\" \/>\n<meta property=\"og:type\" content=\"article\" \/>\n<meta property=\"og:title\" content=\"APAL PROMOVE A SUSTENTABILIDADE NA TEKT\u00d3NICA - Apal\" \/>\n<meta property=\"og:description\" content=\"A APAL \u2013 Associa\u00e7\u00e3o Portuguesa do Alum\u00ednio, em conjunto com a CIN Performance Coatings e a Technal, apresentou na \u00faltima...\" \/>\n<meta property=\"og:url\" content=\"https:\/\/apal.pt\/home\/apal-promove-a-sustentabilidade-na-tektonica\/\" \/>\n<meta property=\"og:site_name\" content=\"Apal\" \/>\n<meta property=\"article:publisher\" content=\"https:\/\/www.facebook.com\/apaluminio\/?locale=pt_PT\" \/>\n<meta property=\"article:published_time\" content=\"2024-05-22T22:34:45+00:00\" \/>\n<meta property=\"article:modified_time\" content=\"2024-08-08T13:16:55+00:00\" \/>\n<meta property=\"og:image\" content=\"https:\/\/apal.pt\/home\/wp-content\/uploads\/2024\/05\/2.jpg\" \/>\n\t<meta property=\"og:image:width\" content=\"2048\" \/>\n\t<meta property=\"og:image:height\" content=\"1365\" \/>\n\t<meta property=\"og:image:type\" content=\"image\/jpeg\" \/>\n<meta name=\"author\" content=\"admin\" \/>\n<meta name=\"twitter:card\" content=\"summary_large_image\" \/>\n<meta name=\"twitter:label1\" content=\"Written by\" \/>\n\t<meta name=\"twitter:data1\" content=\"admin\" \/>\n\t<meta name=\"twitter:label2\" content=\"Est. reading time\" \/>\n\t<meta name=\"twitter:data2\" content=\"2 minutes\" \/>\n<script type=\"application\/ld+json\" class=\"yoast-schema-graph\">{\"@context\":\"https:\\\/\\\/schema.org\",\"@graph\":[{\"@type\":\"Article\",\"@id\":\"https:\\\/\\\/apal.pt\\\/home\\\/apal-promove-a-sustentabilidade-na-tektonica\\\/#article\",\"isPartOf\":{\"@id\":\"https:\\\/\\\/apal.pt\\\/home\\\/apal-promove-a-sustentabilidade-na-tektonica\\\/\"},\"author\":{\"name\":\"admin\",\"@id\":\"https:\\\/\\\/apal.pt\\\/home\\\/#\\\/schema\\\/person\\\/c235da6bc3c8463b75e4f68b7003ae33\"},\"headline\":\"APAL PROMOVE A SUSTENTABILIDADE NA TEKT\u00d3NICA\",\"datePublished\":\"2024-05-22T22:34:45+00:00\",\"dateModified\":\"2024-08-08T13:16:55+00:00\",\"mainEntityOfPage\":{\"@id\":\"https:\\\/\\\/apal.pt\\\/home\\\/apal-promove-a-sustentabilidade-na-tektonica\\\/\"},\"wordCount\":199,\"publisher\":{\"@id\":\"https:\\\/\\\/apal.pt\\\/home\\\/#organization\"},\"image\":{\"@id\":\"https:\\\/\\\/apal.pt\\\/home\\\/apal-promove-a-sustentabilidade-na-tektonica\\\/#primaryimage\"},\"thumbnailUrl\":\"https:\\\/\\\/apal.pt\\\/home\\\/wp-content\\\/uploads\\\/2024\\\/05\\\/2.jpg\",\"articleSection\":[\"Not\u00edcias\"],\"inLanguage\":\"en-US\"},{\"@type\":\"WebPage\",\"@id\":\"https:\\\/\\\/apal.pt\\\/home\\\/apal-promove-a-sustentabilidade-na-tektonica\\\/\",\"url\":\"https:\\\/\\\/apal.pt\\\/home\\\/apal-promove-a-sustentabilidade-na-tektonica\\\/\",\"name\":\"APAL PROMOVE A SUSTENTABILIDADE NA TEKT\u00d3NICA - Apal\",\"isPartOf\":{\"@id\":\"https:\\\/\\\/apal.pt\\\/home\\\/#website\"},\"primaryImageOfPage\":{\"@id\":\"https:\\\/\\\/apal.pt\\\/home\\\/apal-promove-a-sustentabilidade-na-tektonica\\\/#primaryimage\"},\"image\":{\"@id\":\"https:\\\/\\\/apal.pt\\\/home\\\/apal-promove-a-sustentabilidade-na-tektonica\\\/#primaryimage\"},\"thumbnailUrl\":\"https:\\\/\\\/apal.pt\\\/home\\\/wp-content\\\/uploads\\\/2024\\\/05\\\/2.jpg\",\"datePublished\":\"2024-05-22T22:34:45+00:00\",\"dateModified\":\"2024-08-08T13:16:55+00:00\",\"breadcrumb\":{\"@id\":\"https:\\\/\\\/apal.pt\\\/home\\\/apal-promove-a-sustentabilidade-na-tektonica\\\/#breadcrumb\"},\"inLanguage\":\"en-US\",\"potentialAction\":[{\"@type\":\"ReadAction\",\"target\":[\"https:\\\/\\\/apal.pt\\\/home\\\/apal-promove-a-sustentabilidade-na-tektonica\\\/\"]}]},{\"@type\":\"ImageObject\",\"inLanguage\":\"en-US\",\"@id\":\"https:\\\/\\\/apal.pt\\\/home\\\/apal-promove-a-sustentabilidade-na-tektonica\\\/#primaryimage\",\"url\":\"https:\\\/\\\/apal.pt\\\/home\\\/wp-content\\\/uploads\\\/2024\\\/05\\\/2.jpg\",\"contentUrl\":\"https:\\\/\\\/apal.pt\\\/home\\\/wp-content\\\/uploads\\\/2024\\\/05\\\/2.jpg\",\"width\":2048,\"height\":1365},{\"@type\":\"BreadcrumbList\",\"@id\":\"https:\\\/\\\/apal.pt\\\/home\\\/apal-promove-a-sustentabilidade-na-tektonica\\\/#breadcrumb\",\"itemListElement\":[{\"@type\":\"ListItem\",\"position\":1,\"name\":\"Home\",\"item\":\"https:\\\/\\\/apal.pt\\\/home\\\/\"},{\"@type\":\"ListItem\",\"position\":2,\"name\":\"APAL PROMOVE A SUSTENTABILIDADE NA TEKT\u00d3NICA\"}]},{\"@type\":\"WebSite\",\"@id\":\"https:\\\/\\\/apal.pt\\\/home\\\/#website\",\"url\":\"https:\\\/\\\/apal.pt\\\/home\\\/\",\"name\":\"Apal\",\"description\":\"Associa\u00e7\u00e3o Portuguesa do Alum\u00ednio\",\"publisher\":{\"@id\":\"https:\\\/\\\/apal.pt\\\/home\\\/#organization\"},\"potentialAction\":[{\"@type\":\"SearchAction\",\"target\":{\"@type\":\"EntryPoint\",\"urlTemplate\":\"https:\\\/\\\/apal.pt\\\/home\\\/?s={search_term_string}\"},\"query-input\":{\"@type\":\"PropertyValueSpecification\",\"valueRequired\":true,\"valueName\":\"search_term_string\"}}],\"inLanguage\":\"en-US\"},{\"@type\":\"Organization\",\"@id\":\"https:\\\/\\\/apal.pt\\\/home\\\/#organization\",\"name\":\"Apal - Associa\u00e7\u00e3o Portuguesa do Alum\u00ednio\",\"url\":\"https:\\\/\\\/apal.pt\\\/home\\\/\",\"logo\":{\"@type\":\"ImageObject\",\"inLanguage\":\"en-US\",\"@id\":\"https:\\\/\\\/apal.pt\\\/home\\\/#\\\/schema\\\/logo\\\/image\\\/\",\"url\":\"https:\\\/\\\/apal.pt\\\/home\\\/wp-content\\\/uploads\\\/2021\\\/10\\\/Apal_final_black.png\",\"contentUrl\":\"https:\\\/\\\/apal.pt\\\/home\\\/wp-content\\\/uploads\\\/2021\\\/10\\\/Apal_final_black.png\",\"width\":2048,\"height\":1119,\"caption\":\"Apal - Associa\u00e7\u00e3o Portuguesa do Alum\u00ednio\"},\"image\":{\"@id\":\"https:\\\/\\\/apal.pt\\\/home\\\/#\\\/schema\\\/logo\\\/image\\\/\"},\"sameAs\":[\"https:\\\/\\\/www.facebook.com\\\/apaluminio\\\/?locale=pt_PT\"]},{\"@type\":\"Person\",\"@id\":\"https:\\\/\\\/apal.pt\\\/home\\\/#\\\/schema\\\/person\\\/c235da6bc3c8463b75e4f68b7003ae33\",\"name\":\"admin\",\"image\":{\"@type\":\"ImageObject\",\"inLanguage\":\"en-US\",\"@id\":\"https:\\\/\\\/secure.gravatar.com\\\/avatar\\\/79693450e73a0687de7dfc33863383adc984d69816949931801e757aeebb0b8c?s=96&d=mm&r=g\",\"url\":\"https:\\\/\\\/secure.gravatar.com\\\/avatar\\\/79693450e73a0687de7dfc33863383adc984d69816949931801e757aeebb0b8c?s=96&d=mm&r=g\",\"contentUrl\":\"https:\\\/\\\/secure.gravatar.com\\\/avatar\\\/79693450e73a0687de7dfc33863383adc984d69816949931801e757aeebb0b8c?s=96&d=mm&r=g\",\"caption\":\"admin\"},\"sameAs\":[\"https:\\\/\\\/apal.pt\\\/home\"],\"url\":\"https:\\\/\\\/apal.pt\\\/home\\\/author\\\/admin\\\/\"}]}<\/script>\n<!-- \/ Yoast SEO plugin. -->","yoast_head_json":{"title":"APAL PROMOVE A SUSTENTABILIDADE NA TEKT\u00d3NICA - Apal","robots":{"index":"index","follow":"follow","max-snippet":"max-snippet:-1","max-image-preview":"max-image-preview:large","max-video-preview":"max-video-preview:-1"},"canonical":"https:\/\/apal.pt\/home\/apal-promove-a-sustentabilidade-na-tektonica\/","og_locale":"en_US","og_type":"article","og_title":"APAL PROMOVE A SUSTENTABILIDADE NA TEKT\u00d3NICA - Apal","og_description":"A APAL \u2013 Associa\u00e7\u00e3o Portuguesa do Alum\u00ednio, em conjunto com a CIN Performance Coatings e a Technal, apresentou na \u00faltima...","og_url":"https:\/\/apal.pt\/home\/apal-promove-a-sustentabilidade-na-tektonica\/","og_site_name":"Apal","article_publisher":"https:\/\/www.facebook.com\/apaluminio\/?locale=pt_PT","article_published_time":"2024-05-22T22:34:45+00:00","article_modified_time":"2024-08-08T13:16:55+00:00","og_image":[{"width":2048,"height":1365,"url":"https:\/\/apal.pt\/home\/wp-content\/uploads\/2024\/05\/2.jpg","type":"image\/jpeg"}],"author":"admin","twitter_card":"summary_large_image","twitter_misc":{"Written by":"admin","Est. reading time":"2 minutes"},"schema":{"@context":"https:\/\/schema.org","@graph":[{"@type":"Article","@id":"https:\/\/apal.pt\/home\/apal-promove-a-sustentabilidade-na-tektonica\/#article","isPartOf":{"@id":"https:\/\/apal.pt\/home\/apal-promove-a-sustentabilidade-na-tektonica\/"},"author":{"name":"admin","@id":"https:\/\/apal.pt\/home\/#\/schema\/person\/c235da6bc3c8463b75e4f68b7003ae33"},"headline":"APAL PROMOVE A SUSTENTABILIDADE NA TEKT\u00d3NICA","datePublished":"2024-05-22T22:34:45+00:00","dateModified":"2024-08-08T13:16:55+00:00","mainEntityOfPage":{"@id":"https:\/\/apal.pt\/home\/apal-promove-a-sustentabilidade-na-tektonica\/"},"wordCount":199,"publisher":{"@id":"https:\/\/apal.pt\/home\/#organization"},"image":{"@id":"https:\/\/apal.pt\/home\/apal-promove-a-sustentabilidade-na-tektonica\/#primaryimage"},"thumbnailUrl":"https:\/\/apal.pt\/home\/wp-content\/uploads\/2024\/05\/2.jpg","articleSection":["Not\u00edcias"],"inLanguage":"en-US"},{"@type":"WebPage","@id":"https:\/\/apal.pt\/home\/apal-promove-a-sustentabilidade-na-tektonica\/","url":"https:\/\/apal.pt\/home\/apal-promove-a-sustentabilidade-na-tektonica\/","name":"APAL PROMOVE A SUSTENTABILIDADE NA TEKT\u00d3NICA - Apal","isPartOf":{"@id":"https:\/\/apal.pt\/home\/#website"},"primaryImageOfPage":{"@id":"https:\/\/apal.pt\/home\/apal-promove-a-sustentabilidade-na-tektonica\/#primaryimage"},"image":{"@id":"https:\/\/apal.pt\/home\/apal-promove-a-sustentabilidade-na-tektonica\/#primaryimage"},"thumbnailUrl":"https:\/\/apal.pt\/home\/wp-content\/uploads\/2024\/05\/2.jpg","datePublished":"2024-05-22T22:34:45+00:00","dateModified":"2024-08-08T13:16:55+00:00","breadcrumb":{"@id":"https:\/\/apal.pt\/home\/apal-promove-a-sustentabilidade-na-tektonica\/#breadcrumb"},"inLanguage":"en-US","potentialAction":[{"@type":"ReadAction","target":["https:\/\/apal.pt\/home\/apal-promove-a-sustentabilidade-na-tektonica\/"]}]},{"@type":"ImageObject","inLanguage":"en-US","@id":"https:\/\/apal.pt\/home\/apal-promove-a-sustentabilidade-na-tektonica\/#primaryimage","url":"https:\/\/apal.pt\/home\/wp-content\/uploads\/2024\/05\/2.jpg","contentUrl":"https:\/\/apal.pt\/home\/wp-content\/uploads\/2024\/05\/2.jpg","width":2048,"height":1365},{"@type":"BreadcrumbList","@id":"https:\/\/apal.pt\/home\/apal-promove-a-sustentabilidade-na-tektonica\/#breadcrumb","itemListElement":[{"@type":"ListItem","position":1,"name":"Home","item":"https:\/\/apal.pt\/home\/"},{"@type":"ListItem","position":2,"name":"APAL PROMOVE A SUSTENTABILIDADE NA TEKT\u00d3NICA"}]},{"@type":"WebSite","@id":"https:\/\/apal.pt\/home\/#website","url":"https:\/\/apal.pt\/home\/","name":"Apal","description":"Associa\u00e7\u00e3o Portuguesa do Alum\u00ednio","publisher":{"@id":"https:\/\/apal.pt\/home\/#organization"},"potentialAction":[{"@type":"SearchAction","target":{"@type":"EntryPoint","urlTemplate":"https:\/\/apal.pt\/home\/?s={search_term_string}"},"query-input":{"@type":"PropertyValueSpecification","valueRequired":true,"valueName":"search_term_string"}}],"inLanguage":"en-US"},{"@type":"Organization","@id":"https:\/\/apal.pt\/home\/#organization","name":"Apal - Associa\u00e7\u00e3o Portuguesa do Alum\u00ednio","url":"https:\/\/apal.pt\/home\/","logo":{"@type":"ImageObject","inLanguage":"en-US","@id":"https:\/\/apal.pt\/home\/#\/schema\/logo\/image\/","url":"https:\/\/apal.pt\/home\/wp-content\/uploads\/2021\/10\/Apal_final_black.png","contentUrl":"https:\/\/apal.pt\/home\/wp-content\/uploads\/2021\/10\/Apal_final_black.png","width":2048,"height":1119,"caption":"Apal - Associa\u00e7\u00e3o Portuguesa do Alum\u00ednio"},"image":{"@id":"https:\/\/apal.pt\/home\/#\/schema\/logo\/image\/"},"sameAs":["https:\/\/www.facebook.com\/apaluminio\/?locale=pt_PT"]},{"@type":"Person","@id":"https:\/\/apal.pt\/home\/#\/schema\/person\/c235da6bc3c8463b75e4f68b7003ae33","name":"admin","image":{"@type":"ImageObject","inLanguage":"en-US","@id":"https:\/\/secure.gravatar.com\/avatar\/79693450e73a0687de7dfc33863383adc984d69816949931801e757aeebb0b8c?s=96&d=mm&r=g","url":"https:\/\/secure.gravatar.com\/avatar\/79693450e73a0687de7dfc33863383adc984d69816949931801e757aeebb0b8c?s=96&d=mm&r=g","contentUrl":"https:\/\/secure.gravatar.com\/avatar\/79693450e73a0687de7dfc33863383adc984d69816949931801e757aeebb0b8c?s=96&d=mm&r=g","caption":"admin"},"sameAs":["https:\/\/apal.pt\/home"],"url":"https:\/\/apal.pt\/home\/author\/admin\/"}]}},"menu_order":0,"_links":{"self":[{"href":"https:\/\/apal.pt\/home\/wp-json\/wp\/v2\/posts\/33099","targetHints":{"allow":["GET"]}}],"collection":[{"href":"https:\/\/apal.pt\/home\/wp-json\/wp\/v2\/posts"}],"about":[{"href":"https:\/\/apal.pt\/home\/wp-json\/wp\/v2\/types\/post"}],"author":[{"embeddable":true,"href":"https:\/\/apal.pt\/home\/wp-json\/wp\/v2\/users\/1"}],"replies":[{"embeddable":true,"href":"https:\/\/apal.pt\/home\/wp-json\/wp\/v2\/comments?post=33099"}],"version-history":[{"count":0,"href":"https:\/\/apal.pt\/home\/wp-json\/wp\/v2\/posts\/33099\/revisions"}],"wp:featuredmedia":[{"embeddable":true,"href":"https:\/\/apal.pt\/home\/wp-json\/wp\/v2\/media\/33102"}],"wp:attachment":[{"href":"https:\/\/apal.pt\/home\/wp-json\/wp\/v2\/media?parent=33099"}],"wp:term":[{"taxonomy":"category","embeddable":true,"href":"https:\/\/apal.pt\/home\/wp-json\/wp\/v2\/categories?post=33099"},{"taxonomy":"post_tag","embeddable":true,"href":"https:\/\/apal.pt\/home\/wp-json\/wp\/v2\/tags?post=33099"}],"curies":[{"name":"wp","href":"https:\/\/api.w.org\/{rel}","templated":true}]}}