{"id":33120,"date":"2024-06-11T18:05:09","date_gmt":"2024-06-11T18:05:09","guid":{"rendered":"https:\/\/apal.pt\/home\/?p=33120"},"modified":"2024-08-08T20:18:55","modified_gmt":"2024-08-08T20:18:55","slug":"aluminio-na-casa-sustentavel","status":"publish","type":"post","link":"https:\/\/apal.pt\/home\/aluminio-na-casa-sustentavel\/","title":{"rendered":"ALUM\u00cdNIO NA &#8220;CASA SUSTENT\u00c1VEL&#8221;"},"content":{"rendered":"\t\t<div data-elementor-type=\"wp-post\" data-elementor-id=\"33120\" class=\"elementor elementor-33120\" data-elementor-post-type=\"post\">\n\t\t\t\t\t\t<section class=\"elementor-section elementor-top-section elementor-element elementor-element-c109003 elementor-section-boxed elementor-section-height-default elementor-section-height-default\" data-id=\"c109003\" data-element_type=\"section\" data-e-type=\"section\">\r\n\t\t\t\t\t\t<div class=\"elementor-container elementor-column-gap-thegem\"><div class=\"elementor-row\">\r\n\t\t\t\t\t<div class=\"elementor-column elementor-col-100 elementor-top-column elementor-element elementor-element-b103e96\" data-id=\"b103e96\" data-element_type=\"column\" data-e-type=\"column\">\n\t\t\t<div class=\"elementor-widget-wrap elementor-element-populated\">\n\t\t\t\t\t\t<div class=\"elementor-element elementor-element-70d5378 flex-horizontal-align-default flex-horizontal-align-tablet-default flex-horizontal-align-mobile-default flex-vertical-align-default flex-vertical-align-tablet-default flex-vertical-align-mobile-default elementor-widget elementor-widget-text-editor\" data-id=\"70d5378\" data-element_type=\"widget\" data-e-type=\"widget\" data-widget_type=\"text-editor.default\">\n\t\t\t\t<div class=\"elementor-widget-container\">\n\t\t\t\t\t\t\t\t\t\t\t\t<div class=\"elementor-text-editor elementor-clearfix\">\r\n\t\t\t\t\t\t<p>No primeiro epis\u00f3dio do programa \u201c<strong>Casa Sustent\u00e1vel<\/strong>\u201d (CNN\/TVI), o Alum\u00ednio esteve em destaque.<\/p><p>Realizado em parceria com o Portal de Arquitetura e Constru\u00e7\u00e3o Sustent\u00e1vel, este programa pretende alertar para a import\u00e2ncia da sustentabilidade no setor da constru\u00e7\u00e3o, partilhando dicas e sugest\u00f5es sobre as melhores op\u00e7\u00f5es para tornarmos as casas mais sustent\u00e1veis.<\/p>\t\t\t\t\t\t\t<\/div>\r\n\t\t\t\t\t\t\t\t\t\t<\/div>\n\t\t\t\t<\/div>\n\t\t\t\t\t<\/div>\n\t\t<\/div>\n\t\t\t\t\t<\/div><\/div>\r\n\t\t<\/section>\r\n\t\t\t\t<section class=\"elementor-section elementor-top-section elementor-element elementor-element-096dd1b elementor-section-boxed elementor-section-height-default elementor-section-height-default\" data-id=\"096dd1b\" data-element_type=\"section\" data-e-type=\"section\">\r\n\t\t\t\t\t\t<div class=\"elementor-container elementor-column-gap-thegem\"><div class=\"elementor-row\">\r\n\t\t\t\t\t<div class=\"elementor-column elementor-col-100 elementor-top-column elementor-element elementor-element-76984bb\" data-id=\"76984bb\" data-element_type=\"column\" data-e-type=\"column\">\n\t\t\t<div class=\"elementor-widget-wrap elementor-element-populated\">\n\t\t\t\t\t\t<div class=\"elementor-element elementor-element-e90bb99 flex-horizontal-align-default flex-horizontal-align-tablet-default flex-horizontal-align-mobile-default flex-vertical-align-default flex-vertical-align-tablet-default flex-vertical-align-mobile-default elementor-widget elementor-widget-spacer\" data-id=\"e90bb99\" data-element_type=\"widget\" data-e-type=\"widget\" data-widget_type=\"spacer.default\">\n\t\t\t\t<div class=\"elementor-widget-container\">\n\t\t\t\t\t\t\t<div class=\"elementor-spacer\">\n\t\t\t<div class=\"elementor-spacer-inner\"><\/div>\n\t\t<\/div>\n\t\t\t\t\t\t<\/div>\n\t\t\t\t<\/div>\n\t\t\t\t<div class=\"elementor-element elementor-element-a88bc4c flex-horizontal-align-default flex-horizontal-align-tablet-default flex-horizontal-align-mobile-default flex-vertical-align-default flex-vertical-align-tablet-default flex-vertical-align-mobile-default elementor-widget elementor-widget-video\" data-id=\"a88bc4c\" data-element_type=\"widget\" data-e-type=\"widget\" data-settings=\"{&quot;video_type&quot;:&quot;hosted&quot;,&quot;autoplay&quot;:&quot;yes&quot;,&quot;play_on_mobile&quot;:&quot;yes&quot;,&quot;mute&quot;:&quot;yes&quot;,&quot;loop&quot;:&quot;yes&quot;,&quot;controls&quot;:&quot;yes&quot;}\" data-widget_type=\"video.default\">\n\t\t\t\t<div class=\"elementor-widget-container\">\n\t\t\t\t\t\t\t<div class=\"e-hosted-video elementor-wrapper elementor-open-inline\">\n\t\t\t\t\t<video class=\"elementor-video\" src=\"https:\/\/apal.pt\/home\/wp-content\/uploads\/2024\/06\/CASA-SUSTENTAVEL-Reduced.mp4\" autoplay=\"\" loop=\"\" controls=\"\" muted=\"muted\" playsinline=\"\" controlsList=\"nodownload\"><\/video>\n\t\t\t\t<\/div>\n\t\t\t\t\t\t<\/div>\n\t\t\t\t<\/div>\n\t\t\t\t\t<\/div>\n\t\t<\/div>\n\t\t\t\t\t<\/div><\/div>\r\n\t\t<\/section>\r\n\t\t\t\t<\/div>\n\t\t","protected":false},"excerpt":{"rendered":"<p>No primeiro epis\u00f3dio do programa \u201cCasa Sustent\u00e1vel\u201d (CNN\/TVI), o Alum\u00ednio esteve em destaque. Realizado em parceria com o Portal de&#8230;<\/p>\n","protected":false},"author":1,"featured_media":33132,"comment_status":"closed","ping_status":"closed","sticky":false,"template":"single-fullwidth.php","format":"standard","meta":{"footnotes":""},"categories":[109],"tags":[],"class_list":{"0":"post-33120","1":"post","2":"type-post","3":"status-publish","4":"format-standard","5":"has-post-thumbnail","7":"category-noticias"},"yoast_head":"<!-- This site is optimized with the Yoast SEO plugin v27.4 - https:\/\/yoast.com\/product\/yoast-seo-wordpress\/ -->\n<title>ALUM\u00cdNIO NA &quot;CASA SUSTENT\u00c1VEL&quot; - Apal<\/title>\n<meta name=\"robots\" content=\"index, follow, max-snippet:-1, max-image-preview:large, max-video-preview:-1\" \/>\n<link rel=\"canonical\" href=\"https:\/\/apal.pt\/home\/aluminio-na-casa-sustentavel\/\" \/>\n<meta property=\"og:locale\" content=\"en_US\" \/>\n<meta property=\"og:type\" content=\"article\" \/>\n<meta property=\"og:title\" content=\"ALUM\u00cdNIO NA &quot;CASA SUSTENT\u00c1VEL&quot; - Apal\" \/>\n<meta property=\"og:description\" content=\"No primeiro epis\u00f3dio do programa \u201cCasa Sustent\u00e1vel\u201d (CNN\/TVI), o Alum\u00ednio esteve em destaque. Realizado em parceria com o Portal de...\" \/>\n<meta property=\"og:url\" content=\"https:\/\/apal.pt\/home\/aluminio-na-casa-sustentavel\/\" \/>\n<meta property=\"og:site_name\" content=\"Apal\" \/>\n<meta property=\"article:publisher\" content=\"https:\/\/www.facebook.com\/apaluminio\/?locale=pt_PT\" \/>\n<meta property=\"article:published_time\" content=\"2024-06-11T18:05:09+00:00\" \/>\n<meta property=\"article:modified_time\" content=\"2024-08-08T20:18:55+00:00\" \/>\n<meta property=\"og:image\" content=\"https:\/\/apal.pt\/home\/wp-content\/uploads\/2024\/06\/Casa3-e1718141365999.png\" \/>\n\t<meta property=\"og:image:width\" content=\"1510\" \/>\n\t<meta property=\"og:image:height\" content=\"1433\" \/>\n\t<meta property=\"og:image:type\" content=\"image\/png\" \/>\n<meta name=\"author\" content=\"admin\" \/>\n<meta name=\"twitter:card\" content=\"summary_large_image\" \/>\n<meta name=\"twitter:label1\" content=\"Written by\" \/>\n\t<meta name=\"twitter:data1\" content=\"admin\" \/>\n\t<meta name=\"twitter:label2\" content=\"Est. reading time\" \/>\n\t<meta name=\"twitter:data2\" content=\"1 minute\" \/>\n<script type=\"application\/ld+json\" class=\"yoast-schema-graph\">{\"@context\":\"https:\\\/\\\/schema.org\",\"@graph\":[{\"@type\":\"Article\",\"@id\":\"https:\\\/\\\/apal.pt\\\/home\\\/aluminio-na-casa-sustentavel\\\/#article\",\"isPartOf\":{\"@id\":\"https:\\\/\\\/apal.pt\\\/home\\\/aluminio-na-casa-sustentavel\\\/\"},\"author\":{\"name\":\"admin\",\"@id\":\"https:\\\/\\\/apal.pt\\\/home\\\/#\\\/schema\\\/person\\\/c235da6bc3c8463b75e4f68b7003ae33\"},\"headline\":\"ALUM\u00cdNIO NA &#8220;CASA SUSTENT\u00c1VEL&#8221;\",\"datePublished\":\"2024-06-11T18:05:09+00:00\",\"dateModified\":\"2024-08-08T20:18:55+00:00\",\"mainEntityOfPage\":{\"@id\":\"https:\\\/\\\/apal.pt\\\/home\\\/aluminio-na-casa-sustentavel\\\/\"},\"wordCount\":76,\"publisher\":{\"@id\":\"https:\\\/\\\/apal.pt\\\/home\\\/#organization\"},\"image\":{\"@id\":\"https:\\\/\\\/apal.pt\\\/home\\\/aluminio-na-casa-sustentavel\\\/#primaryimage\"},\"thumbnailUrl\":\"https:\\\/\\\/apal.pt\\\/home\\\/wp-content\\\/uploads\\\/2024\\\/06\\\/Casa3-e1718141365999.png\",\"articleSection\":[\"Not\u00edcias\"],\"inLanguage\":\"en-US\"},{\"@type\":\"WebPage\",\"@id\":\"https:\\\/\\\/apal.pt\\\/home\\\/aluminio-na-casa-sustentavel\\\/\",\"url\":\"https:\\\/\\\/apal.pt\\\/home\\\/aluminio-na-casa-sustentavel\\\/\",\"name\":\"ALUM\u00cdNIO NA \\\"CASA SUSTENT\u00c1VEL\\\" - Apal\",\"isPartOf\":{\"@id\":\"https:\\\/\\\/apal.pt\\\/home\\\/#website\"},\"primaryImageOfPage\":{\"@id\":\"https:\\\/\\\/apal.pt\\\/home\\\/aluminio-na-casa-sustentavel\\\/#primaryimage\"},\"image\":{\"@id\":\"https:\\\/\\\/apal.pt\\\/home\\\/aluminio-na-casa-sustentavel\\\/#primaryimage\"},\"thumbnailUrl\":\"https:\\\/\\\/apal.pt\\\/home\\\/wp-content\\\/uploads\\\/2024\\\/06\\\/Casa3-e1718141365999.png\",\"datePublished\":\"2024-06-11T18:05:09+00:00\",\"dateModified\":\"2024-08-08T20:18:55+00:00\",\"breadcrumb\":{\"@id\":\"https:\\\/\\\/apal.pt\\\/home\\\/aluminio-na-casa-sustentavel\\\/#breadcrumb\"},\"inLanguage\":\"en-US\",\"potentialAction\":[{\"@type\":\"ReadAction\",\"target\":[\"https:\\\/\\\/apal.pt\\\/home\\\/aluminio-na-casa-sustentavel\\\/\"]}]},{\"@type\":\"ImageObject\",\"inLanguage\":\"en-US\",\"@id\":\"https:\\\/\\\/apal.pt\\\/home\\\/aluminio-na-casa-sustentavel\\\/#primaryimage\",\"url\":\"https:\\\/\\\/apal.pt\\\/home\\\/wp-content\\\/uploads\\\/2024\\\/06\\\/Casa3-e1718141365999.png\",\"contentUrl\":\"https:\\\/\\\/apal.pt\\\/home\\\/wp-content\\\/uploads\\\/2024\\\/06\\\/Casa3-e1718141365999.png\",\"width\":1510,\"height\":1433},{\"@type\":\"BreadcrumbList\",\"@id\":\"https:\\\/\\\/apal.pt\\\/home\\\/aluminio-na-casa-sustentavel\\\/#breadcrumb\",\"itemListElement\":[{\"@type\":\"ListItem\",\"position\":1,\"name\":\"Home\",\"item\":\"https:\\\/\\\/apal.pt\\\/home\\\/\"},{\"@type\":\"ListItem\",\"position\":2,\"name\":\"ALUM\u00cdNIO NA &#8220;CASA SUSTENT\u00c1VEL&#8221;\"}]},{\"@type\":\"WebSite\",\"@id\":\"https:\\\/\\\/apal.pt\\\/home\\\/#website\",\"url\":\"https:\\\/\\\/apal.pt\\\/home\\\/\",\"name\":\"Apal\",\"description\":\"Associa\u00e7\u00e3o Portuguesa do Alum\u00ednio\",\"publisher\":{\"@id\":\"https:\\\/\\\/apal.pt\\\/home\\\/#organization\"},\"potentialAction\":[{\"@type\":\"SearchAction\",\"target\":{\"@type\":\"EntryPoint\",\"urlTemplate\":\"https:\\\/\\\/apal.pt\\\/home\\\/?s={search_term_string}\"},\"query-input\":{\"@type\":\"PropertyValueSpecification\",\"valueRequired\":true,\"valueName\":\"search_term_string\"}}],\"inLanguage\":\"en-US\"},{\"@type\":\"Organization\",\"@id\":\"https:\\\/\\\/apal.pt\\\/home\\\/#organization\",\"name\":\"Apal - Associa\u00e7\u00e3o Portuguesa do Alum\u00ednio\",\"url\":\"https:\\\/\\\/apal.pt\\\/home\\\/\",\"logo\":{\"@type\":\"ImageObject\",\"inLanguage\":\"en-US\",\"@id\":\"https:\\\/\\\/apal.pt\\\/home\\\/#\\\/schema\\\/logo\\\/image\\\/\",\"url\":\"https:\\\/\\\/apal.pt\\\/home\\\/wp-content\\\/uploads\\\/2021\\\/10\\\/Apal_final_black.png\",\"contentUrl\":\"https:\\\/\\\/apal.pt\\\/home\\\/wp-content\\\/uploads\\\/2021\\\/10\\\/Apal_final_black.png\",\"width\":2048,\"height\":1119,\"caption\":\"Apal - Associa\u00e7\u00e3o Portuguesa do Alum\u00ednio\"},\"image\":{\"@id\":\"https:\\\/\\\/apal.pt\\\/home\\\/#\\\/schema\\\/logo\\\/image\\\/\"},\"sameAs\":[\"https:\\\/\\\/www.facebook.com\\\/apaluminio\\\/?locale=pt_PT\"]},{\"@type\":\"Person\",\"@id\":\"https:\\\/\\\/apal.pt\\\/home\\\/#\\\/schema\\\/person\\\/c235da6bc3c8463b75e4f68b7003ae33\",\"name\":\"admin\",\"image\":{\"@type\":\"ImageObject\",\"inLanguage\":\"en-US\",\"@id\":\"https:\\\/\\\/secure.gravatar.com\\\/avatar\\\/79693450e73a0687de7dfc33863383adc984d69816949931801e757aeebb0b8c?s=96&d=mm&r=g\",\"url\":\"https:\\\/\\\/secure.gravatar.com\\\/avatar\\\/79693450e73a0687de7dfc33863383adc984d69816949931801e757aeebb0b8c?s=96&d=mm&r=g\",\"contentUrl\":\"https:\\\/\\\/secure.gravatar.com\\\/avatar\\\/79693450e73a0687de7dfc33863383adc984d69816949931801e757aeebb0b8c?s=96&d=mm&r=g\",\"caption\":\"admin\"},\"sameAs\":[\"https:\\\/\\\/apal.pt\\\/home\"],\"url\":\"https:\\\/\\\/apal.pt\\\/home\\\/author\\\/admin\\\/\"}]}<\/script>\n<!-- \/ Yoast SEO plugin. -->","yoast_head_json":{"title":"ALUM\u00cdNIO NA \"CASA SUSTENT\u00c1VEL\" - Apal","robots":{"index":"index","follow":"follow","max-snippet":"max-snippet:-1","max-image-preview":"max-image-preview:large","max-video-preview":"max-video-preview:-1"},"canonical":"https:\/\/apal.pt\/home\/aluminio-na-casa-sustentavel\/","og_locale":"en_US","og_type":"article","og_title":"ALUM\u00cdNIO NA \"CASA SUSTENT\u00c1VEL\" - Apal","og_description":"No primeiro epis\u00f3dio do programa \u201cCasa Sustent\u00e1vel\u201d (CNN\/TVI), o Alum\u00ednio esteve em destaque. Realizado em parceria com o Portal de...","og_url":"https:\/\/apal.pt\/home\/aluminio-na-casa-sustentavel\/","og_site_name":"Apal","article_publisher":"https:\/\/www.facebook.com\/apaluminio\/?locale=pt_PT","article_published_time":"2024-06-11T18:05:09+00:00","article_modified_time":"2024-08-08T20:18:55+00:00","og_image":[{"width":1510,"height":1433,"url":"https:\/\/apal.pt\/home\/wp-content\/uploads\/2024\/06\/Casa3-e1718141365999.png","type":"image\/png"}],"author":"admin","twitter_card":"summary_large_image","twitter_misc":{"Written by":"admin","Est. reading time":"1 minute"},"schema":{"@context":"https:\/\/schema.org","@graph":[{"@type":"Article","@id":"https:\/\/apal.pt\/home\/aluminio-na-casa-sustentavel\/#article","isPartOf":{"@id":"https:\/\/apal.pt\/home\/aluminio-na-casa-sustentavel\/"},"author":{"name":"admin","@id":"https:\/\/apal.pt\/home\/#\/schema\/person\/c235da6bc3c8463b75e4f68b7003ae33"},"headline":"ALUM\u00cdNIO NA &#8220;CASA SUSTENT\u00c1VEL&#8221;","datePublished":"2024-06-11T18:05:09+00:00","dateModified":"2024-08-08T20:18:55+00:00","mainEntityOfPage":{"@id":"https:\/\/apal.pt\/home\/aluminio-na-casa-sustentavel\/"},"wordCount":76,"publisher":{"@id":"https:\/\/apal.pt\/home\/#organization"},"image":{"@id":"https:\/\/apal.pt\/home\/aluminio-na-casa-sustentavel\/#primaryimage"},"thumbnailUrl":"https:\/\/apal.pt\/home\/wp-content\/uploads\/2024\/06\/Casa3-e1718141365999.png","articleSection":["Not\u00edcias"],"inLanguage":"en-US"},{"@type":"WebPage","@id":"https:\/\/apal.pt\/home\/aluminio-na-casa-sustentavel\/","url":"https:\/\/apal.pt\/home\/aluminio-na-casa-sustentavel\/","name":"ALUM\u00cdNIO NA \"CASA SUSTENT\u00c1VEL\" - Apal","isPartOf":{"@id":"https:\/\/apal.pt\/home\/#website"},"primaryImageOfPage":{"@id":"https:\/\/apal.pt\/home\/aluminio-na-casa-sustentavel\/#primaryimage"},"image":{"@id":"https:\/\/apal.pt\/home\/aluminio-na-casa-sustentavel\/#primaryimage"},"thumbnailUrl":"https:\/\/apal.pt\/home\/wp-content\/uploads\/2024\/06\/Casa3-e1718141365999.png","datePublished":"2024-06-11T18:05:09+00:00","dateModified":"2024-08-08T20:18:55+00:00","breadcrumb":{"@id":"https:\/\/apal.pt\/home\/aluminio-na-casa-sustentavel\/#breadcrumb"},"inLanguage":"en-US","potentialAction":[{"@type":"ReadAction","target":["https:\/\/apal.pt\/home\/aluminio-na-casa-sustentavel\/"]}]},{"@type":"ImageObject","inLanguage":"en-US","@id":"https:\/\/apal.pt\/home\/aluminio-na-casa-sustentavel\/#primaryimage","url":"https:\/\/apal.pt\/home\/wp-content\/uploads\/2024\/06\/Casa3-e1718141365999.png","contentUrl":"https:\/\/apal.pt\/home\/wp-content\/uploads\/2024\/06\/Casa3-e1718141365999.png","width":1510,"height":1433},{"@type":"BreadcrumbList","@id":"https:\/\/apal.pt\/home\/aluminio-na-casa-sustentavel\/#breadcrumb","itemListElement":[{"@type":"ListItem","position":1,"name":"Home","item":"https:\/\/apal.pt\/home\/"},{"@type":"ListItem","position":2,"name":"ALUM\u00cdNIO NA &#8220;CASA SUSTENT\u00c1VEL&#8221;"}]},{"@type":"WebSite","@id":"https:\/\/apal.pt\/home\/#website","url":"https:\/\/apal.pt\/home\/","name":"Apal","description":"Associa\u00e7\u00e3o Portuguesa do Alum\u00ednio","publisher":{"@id":"https:\/\/apal.pt\/home\/#organization"},"potentialAction":[{"@type":"SearchAction","target":{"@type":"EntryPoint","urlTemplate":"https:\/\/apal.pt\/home\/?s={search_term_string}"},"query-input":{"@type":"PropertyValueSpecification","valueRequired":true,"valueName":"search_term_string"}}],"inLanguage":"en-US"},{"@type":"Organization","@id":"https:\/\/apal.pt\/home\/#organization","name":"Apal - Associa\u00e7\u00e3o Portuguesa do Alum\u00ednio","url":"https:\/\/apal.pt\/home\/","logo":{"@type":"ImageObject","inLanguage":"en-US","@id":"https:\/\/apal.pt\/home\/#\/schema\/logo\/image\/","url":"https:\/\/apal.pt\/home\/wp-content\/uploads\/2021\/10\/Apal_final_black.png","contentUrl":"https:\/\/apal.pt\/home\/wp-content\/uploads\/2021\/10\/Apal_final_black.png","width":2048,"height":1119,"caption":"Apal - Associa\u00e7\u00e3o Portuguesa do Alum\u00ednio"},"image":{"@id":"https:\/\/apal.pt\/home\/#\/schema\/logo\/image\/"},"sameAs":["https:\/\/www.facebook.com\/apaluminio\/?locale=pt_PT"]},{"@type":"Person","@id":"https:\/\/apal.pt\/home\/#\/schema\/person\/c235da6bc3c8463b75e4f68b7003ae33","name":"admin","image":{"@type":"ImageObject","inLanguage":"en-US","@id":"https:\/\/secure.gravatar.com\/avatar\/79693450e73a0687de7dfc33863383adc984d69816949931801e757aeebb0b8c?s=96&d=mm&r=g","url":"https:\/\/secure.gravatar.com\/avatar\/79693450e73a0687de7dfc33863383adc984d69816949931801e757aeebb0b8c?s=96&d=mm&r=g","contentUrl":"https:\/\/secure.gravatar.com\/avatar\/79693450e73a0687de7dfc33863383adc984d69816949931801e757aeebb0b8c?s=96&d=mm&r=g","caption":"admin"},"sameAs":["https:\/\/apal.pt\/home"],"url":"https:\/\/apal.pt\/home\/author\/admin\/"}]}},"menu_order":0,"_links":{"self":[{"href":"https:\/\/apal.pt\/home\/wp-json\/wp\/v2\/posts\/33120","targetHints":{"allow":["GET"]}}],"collection":[{"href":"https:\/\/apal.pt\/home\/wp-json\/wp\/v2\/posts"}],"about":[{"href":"https:\/\/apal.pt\/home\/wp-json\/wp\/v2\/types\/post"}],"author":[{"embeddable":true,"href":"https:\/\/apal.pt\/home\/wp-json\/wp\/v2\/users\/1"}],"replies":[{"embeddable":true,"href":"https:\/\/apal.pt\/home\/wp-json\/wp\/v2\/comments?post=33120"}],"version-history":[{"count":0,"href":"https:\/\/apal.pt\/home\/wp-json\/wp\/v2\/posts\/33120\/revisions"}],"wp:featuredmedia":[{"embeddable":true,"href":"https:\/\/apal.pt\/home\/wp-json\/wp\/v2\/media\/33132"}],"wp:attachment":[{"href":"https:\/\/apal.pt\/home\/wp-json\/wp\/v2\/media?parent=33120"}],"wp:term":[{"taxonomy":"category","embeddable":true,"href":"https:\/\/apal.pt\/home\/wp-json\/wp\/v2\/categories?post=33120"},{"taxonomy":"post_tag","embeddable":true,"href":"https:\/\/apal.pt\/home\/wp-json\/wp\/v2\/tags?post=33120"}],"curies":[{"name":"wp","href":"https:\/\/api.w.org\/{rel}","templated":true}]}}